
{"id":8167,"date":"2026-08-15T14:58:11","date_gmt":"2026-08-15T12:58:11","guid":{"rendered":"https:\/\/gminadynow.pl\/?p=8167"},"modified":"2026-08-17T10:13:43","modified_gmt":"2026-08-17T08:13:43","slug":"15-sierpnia-swieto-wojska-polskiego","status":"publish","type":"post","link":"https:\/\/gminadynow.pl\/index.php\/2026\/08\/15\/15-sierpnia-swieto-wojska-polskiego\/","title":{"rendered":"15 sierpnia &#8211; \u015awi\u0119to Wojska Polskiego"},"content":{"rendered":"\n<figure class=\"wp-block-gallery has-nested-images columns-default is-cropped wp-block-gallery-1 is-layout-flex wp-block-gallery-is-layout-flex\">\n<figure class=\"wp-block-image size-large\"><img fetchpriority=\"high\" decoding=\"async\" width=\"683\" height=\"1024\" data-id=\"8172\" src=\"https:\/\/gminadynow.pl\/wp-content\/uploads\/2026\/08\/1c8f504e-cfb2-4142-aab4-c3a9e01932a0-683x1024.png\" alt=\"\" class=\"wp-image-8172\" srcset=\"https:\/\/gminadynow.pl\/wp-content\/uploads\/2026\/08\/1c8f504e-cfb2-4142-aab4-c3a9e01932a0-683x1024.png 683w, https:\/\/gminadynow.pl\/wp-content\/uploads\/2026\/08\/1c8f504e-cfb2-4142-aab4-c3a9e01932a0-200x300.png 200w, https:\/\/gminadynow.pl\/wp-content\/uploads\/2026\/08\/1c8f504e-cfb2-4142-aab4-c3a9e01932a0-768x1152.png 768w, https:\/\/gminadynow.pl\/wp-content\/uploads\/2026\/08\/1c8f504e-cfb2-4142-aab4-c3a9e01932a0.png 1024w\" sizes=\"(max-width: 683px) 100vw, 683px\" \/><\/figure>\n<\/figure>\n\n\n\n<p>15 sierpnia obchodzimy <strong>\u015awi\u0119to Wojska Polskiego<\/strong>, ustanowione na pami\u0105tk\u0119 zwyci\u0119stwa odniesionego w <strong>Bitwie Warszawskiej 1920 roku<\/strong> \u2013 jednym z najwa\u017cniejszych wydarze\u0144 wojny polsko-bolszewickiej.<\/p>\n\n\n\n<p>Zwyci\u0119stwo Wojska Polskiego nad Armi\u0105 Czerwon\u0105 mia\u0142o ogromne znaczenie dla los\u00f3w odrodzonego pa\u0144stwa. Pozwoli\u0142o Polsce obroni\u0107 niepodleg\u0142o\u015b\u0107, a jednocze\u015bnie powstrzyma\u0142o marsz bolszewik\u00f3w na Zach\u00f3d. Bitwa Warszawska przesz\u0142a do historii r\u00f3wnie\u017c pod nazw\u0105 <strong>\u201eCudu nad Wis\u0142\u0105\u201d<\/strong>.<\/p>\n\n\n\n<p>Kluczowe znaczenie dla zwyci\u0119stwa mia\u0142a polska kontrofensywa znad Wieprza. W nocy z 15 na 16 sierpnia 1920 r. oddzia\u0142y 21. Dywizji G\u00f3rskiej rozpocz\u0119\u0142y forsowanie Wieprza pod Kockiem, a 16 sierpnia ruszy\u0142o g\u0142\u00f3wne natarcie polskich wojsk. Manewr ten pozwoli\u0142 uderzy\u0107 na s\u0142absze pozycje przeciwnika i przyczyni\u0142 si\u0119 do odwrotu Armii Czerwonej.<\/p>\n\n\n\n<p>Zwyci\u0119stwo zosta\u0142o okupione du\u017cymi stratami. Po stronie polskiej poleg\u0142o oko\u0142o <strong>4,5 tys. \u017co\u0142nierzy<\/strong>, oko\u0142o <strong>22 tys. zosta\u0142o rannych<\/strong>, a oko\u0142o <strong>10 tys. uznano za zaginionych<\/strong>.<\/p>\n\n\n\n<p>W 1923 roku dzie\u0144 15 sierpnia ustanowiono <strong>\u015awi\u0119tem \u017bo\u0142nierza<\/strong>. By\u0142o ono obchodzone w Wojsku Polskim do 1947 roku. W okresie PRL \u015bwi\u0119to wojska obchodzono 12 pa\u017adziernika \u2013 w rocznic\u0119 bitwy pod Lenino.<\/p>\n\n\n\n<p>W 1992 roku przywr\u00f3cono obchody 15 sierpnia, ustanawiaj\u0105c ten dzie\u0144 <strong>\u015awi\u0119tem Wojska Polskiego<\/strong>.<\/p>\n\n\n\n<p>Dzi\u015b 15 sierpnia jest okazj\u0105 do oddania ho\u0142du wszystkim \u017co\u0142nierzom, kt\u00f3rzy s\u0142u\u017cyli i s\u0142u\u017c\u0105 Rzeczypospolitej Polskiej, oraz do przypomnienia bohaterstwa tych, kt\u00f3rzy w 1920 roku stan\u0119li w obronie niepodleg\u0142o\u015bci Ojczyzny.<\/p>\n","protected":false},"excerpt":{"rendered":"<p>15 sierpnia obchodzimy \u015awi\u0119to Wojska Polskiego, ustanowione na pami\u0105tk\u0119 zwyci\u0119stwa odniesionego w Bitwie Warszawskiej 1920 roku \u2013 jednym z najwa\u017cniejszych wydarze\u0144 wojny polsko-bolszewickiej. Zwyci\u0119stwo Wojska Polskiego nad Armi\u0105 Czerwon\u0105 mia\u0142o ogromne znaczenie dla los\u00f3w odrodzonego pa\u0144stwa. Pozwoli\u0142o Polsce obroni\u0107 niepodleg\u0142o\u015b\u0107, a jednocze\u015bnie powstrzyma\u0142o marsz bolszewik\u00f3w na Zach\u00f3d. Bitwa Warszawska przesz\u0142a do historii r\u00f3wnie\u017c pod nazw\u0105 [&hellip;]<\/p>\n","protected":false},"author":2,"featured_media":8172,"comment_status":"open","ping_status":"open","sticky":false,"template":"","format":"standard","meta":{"footnotes":""},"categories":[4],"tags":[],"class_list":["post-8167","post","type-post","status-publish","format-standard","has-post-thumbnail","hentry","category-aktualnosci"],"featured_image_urls_v2":{"full":["https:\/\/gminadynow.pl\/wp-content\/uploads\/2026\/08\/1c8f504e-cfb2-4142-aab4-c3a9e01932a0.png",1024,1536,false],"thumbnail":["https:\/\/gminadynow.pl\/wp-content\/uploads\/2026\/08\/1c8f504e-cfb2-4142-aab4-c3a9e01932a0-150x150.png",150,150,true],"medium":["https:\/\/gminadynow.pl\/wp-content\/uploads\/2026\/08\/1c8f504e-cfb2-4142-aab4-c3a9e01932a0-200x300.png",200,300,true],"medium_large":["https:\/\/gminadynow.pl\/wp-content\/uploads\/2026\/08\/1c8f504e-cfb2-4142-aab4-c3a9e01932a0-768x1152.png",768,1152,true],"large":["https:\/\/gminadynow.pl\/wp-content\/uploads\/2026\/08\/1c8f504e-cfb2-4142-aab4-c3a9e01932a0-683x1024.png",683,1024,true],"1536x1536":["https:\/\/gminadynow.pl\/wp-content\/uploads\/2026\/08\/1c8f504e-cfb2-4142-aab4-c3a9e01932a0.png",1024,1536,false],"2048x2048":["https:\/\/gminadynow.pl\/wp-content\/uploads\/2026\/08\/1c8f504e-cfb2-4142-aab4-c3a9e01932a0.png",1024,1536,false]},"post_excerpt_stackable_v2":"<p>15 sierpnia obchodzimy \u015awi\u0119to Wojska Polskiego, ustanowione na pami\u0105tk\u0119 zwyci\u0119stwa odniesionego w Bitwie Warszawskiej 1920 roku \u2013 jednym z najwa\u017cniejszych wydarze\u0144 wojny polsko-bolszewickiej. Zwyci\u0119stwo Wojska Polskiego nad Armi\u0105 Czerwon\u0105 mia\u0142o ogromne znaczenie dla los\u00f3w odrodzonego pa\u0144stwa. Pozwoli\u0142o Polsce obroni\u0107 niepodleg\u0142o\u015b\u0107, a jednocze\u015bnie powstrzyma\u0142o marsz bolszewik\u00f3w na Zach\u00f3d. Bitwa Warszawska przesz\u0142a do historii r\u00f3wnie\u017c pod nazw\u0105 \u201eCudu nad Wis\u0142\u0105\u201d. Kluczowe znaczenie dla zwyci\u0119stwa mia\u0142a polska kontrofensywa znad Wieprza. W nocy z 15 na 16 sierpnia 1920 r. oddzia\u0142y 21. Dywizji G\u00f3rskiej rozpocz\u0119\u0142y forsowanie Wieprza pod Kockiem, a 16 sierpnia ruszy\u0142o g\u0142\u00f3wne natarcie polskich wojsk. Manewr ten pozwoli\u0142 uderzy\u0107 na s\u0142absze pozycje&hellip;<\/p>\n","category_list_v2":"<a href=\"https:\/\/gminadynow.pl\/index.php\/category\/aktualnosci\/\" rel=\"category tag\">Aktualno\u015bci<\/a>","author_info_v2":{"name":"Zofia Kalawska","url":"https:\/\/gminadynow.pl\/index.php\/author\/zofiakalawska\/"},"comments_num_v2":"0 comments","views":10,"rttpg_featured_image_url":{"full":["https:\/\/gminadynow.pl\/wp-content\/uploads\/2026\/08\/1c8f504e-cfb2-4142-aab4-c3a9e01932a0.png",1024,1536,false],"landscape":["https:\/\/gminadynow.pl\/wp-content\/uploads\/2026\/08\/1c8f504e-cfb2-4142-aab4-c3a9e01932a0.png",1024,1536,false],"portraits":["https:\/\/gminadynow.pl\/wp-content\/uploads\/2026\/08\/1c8f504e-cfb2-4142-aab4-c3a9e01932a0.png",1024,1536,false],"thumbnail":["https:\/\/gminadynow.pl\/wp-content\/uploads\/2026\/08\/1c8f504e-cfb2-4142-aab4-c3a9e01932a0-150x150.png",150,150,true],"medium":["https:\/\/gminadynow.pl\/wp-content\/uploads\/2026\/08\/1c8f504e-cfb2-4142-aab4-c3a9e01932a0-200x300.png",200,300,true],"large":["https:\/\/gminadynow.pl\/wp-content\/uploads\/2026\/08\/1c8f504e-cfb2-4142-aab4-c3a9e01932a0-683x1024.png",683,1024,true],"1536x1536":["https:\/\/gminadynow.pl\/wp-content\/uploads\/2026\/08\/1c8f504e-cfb2-4142-aab4-c3a9e01932a0.png",1024,1536,false],"2048x2048":["https:\/\/gminadynow.pl\/wp-content\/uploads\/2026\/08\/1c8f504e-cfb2-4142-aab4-c3a9e01932a0.png",1024,1536,false]},"rttpg_author":{"display_name":"Zofia Kalawska","author_link":"https:\/\/gminadynow.pl\/index.php\/author\/zofiakalawska\/"},"rttpg_comment":0,"rttpg_category":"<a href=\"https:\/\/gminadynow.pl\/index.php\/category\/aktualnosci\/\" rel=\"category tag\">Aktualno\u015bci<\/a>","rttpg_excerpt":"15 sierpnia obchodzimy \u015awi\u0119to Wojska Polskiego, ustanowione na pami\u0105tk\u0119 zwyci\u0119stwa odniesionego w Bitwie Warszawskiej 1920 roku \u2013 jednym z najwa\u017cniejszych wydarze\u0144 wojny polsko-bolszewickiej. Zwyci\u0119stwo Wojska Polskiego nad Armi\u0105 Czerwon\u0105 mia\u0142o ogromne znaczenie dla los\u00f3w odrodzonego pa\u0144stwa. Pozwoli\u0142o Polsce obroni\u0107 niepodleg\u0142o\u015b\u0107, a jednocze\u015bnie powstrzyma\u0142o marsz bolszewik\u00f3w na Zach\u00f3d. Bitwa Warszawska przesz\u0142a do historii r\u00f3wnie\u017c pod nazw\u0105&hellip;","_links":{"self":[{"href":"https:\/\/gminadynow.pl\/index.php\/wp-json\/wp\/v2\/posts\/8167","targetHints":{"allow":["GET"]}}],"collection":[{"href":"https:\/\/gminadynow.pl\/index.php\/wp-json\/wp\/v2\/posts"}],"about":[{"href":"https:\/\/gminadynow.pl\/index.php\/wp-json\/wp\/v2\/types\/post"}],"author":[{"embeddable":true,"href":"https:\/\/gminadynow.pl\/index.php\/wp-json\/wp\/v2\/users\/2"}],"replies":[{"embeddable":true,"href":"https:\/\/gminadynow.pl\/index.php\/wp-json\/wp\/v2\/comments?post=8167"}],"version-history":[{"count":5,"href":"https:\/\/gminadynow.pl\/index.php\/wp-json\/wp\/v2\/posts\/8167\/revisions"}],"predecessor-version":[{"id":8189,"href":"https:\/\/gminadynow.pl\/index.php\/wp-json\/wp\/v2\/posts\/8167\/revisions\/8189"}],"wp:featuredmedia":[{"embeddable":true,"href":"https:\/\/gminadynow.pl\/index.php\/wp-json\/wp\/v2\/media\/8172"}],"wp:attachment":[{"href":"https:\/\/gminadynow.pl\/index.php\/wp-json\/wp\/v2\/media?parent=8167"}],"wp:term":[{"taxonomy":"category","embeddable":true,"href":"https:\/\/gminadynow.pl\/index.php\/wp-json\/wp\/v2\/categories?post=8167"},{"taxonomy":"post_tag","embeddable":true,"href":"https:\/\/gminadynow.pl\/index.php\/wp-json\/wp\/v2\/tags?post=8167"}],"curies":[{"name":"wp","href":"https:\/\/api.w.org\/{rel}","templated":true}]}}