
{"id":5954,"date":"2024-05-08T07:15:00","date_gmt":"2024-05-08T05:15:00","guid":{"rendered":"https:\/\/gminadynow.pl\/?p=5954"},"modified":"2024-05-14T07:20:29","modified_gmt":"2024-05-14T05:20:29","slug":"ii-sesja-rady-gminy-dynow-14-maja-2024-roku","status":"publish","type":"post","link":"https:\/\/gminadynow.pl\/index.php\/2024\/05\/08\/ii-sesja-rady-gminy-dynow-14-maja-2024-roku\/","title":{"rendered":"II sesja Rady Gminy Dyn\u00f3w &#8211; 14 maja 2024 roku."},"content":{"rendered":"\n<figure class=\"wp-block-gallery columns-1 is-cropped wp-block-gallery-1 is-layout-flex wp-block-gallery-is-layout-flex\"><ul class=\"blocks-gallery-grid\"><li class=\"blocks-gallery-item\"><figure><img fetchpriority=\"high\" decoding=\"async\" width=\"731\" height=\"490\" src=\"https:\/\/gminadynow.pl\/wp-content\/uploads\/2021\/07\/SESJA.jpg\" alt=\"\" data-id=\"2272\" data-full-url=\"https:\/\/gminadynow.pl\/wp-content\/uploads\/2021\/07\/SESJA.jpg\" data-link=\"https:\/\/gminadynow.pl\/sesja\/\" class=\"wp-image-2272\" srcset=\"https:\/\/gminadynow.pl\/wp-content\/uploads\/2021\/07\/SESJA.jpg 731w, https:\/\/gminadynow.pl\/wp-content\/uploads\/2021\/07\/SESJA-300x201.jpg 300w\" sizes=\"(max-width: 731px) 100vw, 731px\" \/><\/figure><\/li><\/ul><\/figure>\n\n\n\n<p>            Dzia\u0142aj\u0105c na podstawie art. 20 ust. 3 ustawy z dnia 8 marca 1990 roku o samorz\u0105dzie gminnym \u00a0\u00a0(t.j. Dz. U.\u00a0 z 2024 r. poz. 609 )\u00a0 zwo\u0142uj\u0119\u00a0 <strong>na\u00a0 dzie\u0144 14 maja \u00a02024 r., II Sesj\u0119 Rady Gminy Dyn\u00f3w<\/strong> <strong>na\u00a0 godz. 8:00<\/strong>w \u00a0Sali \u00a0Narad Urz\u0119du \u00a0Gminyw Dynowie z nast\u0119puj\u0105cym\u00a0 porz\u0105dkiem obrad:<\/p>\n\n\n\n<ol class=\"wp-block-list\" type=\"1\"><li>Otwarcie Sesji.<\/li><li>Stwierdzenie guorum<\/li><li>&nbsp;Podj\u0119cie uchwa\u0142y w sprawie ustalenia sk\u0142ad\u00f3w osobowych Komisji Rady.<\/li><li>Podj\u0119cie uchwa\u0142y w sprawie ustalenia wysoko\u015bci diety dla Przewodnicz\u0105cego Rady Gminy Dyn\u00f3w.<\/li><li>Podj\u0119cie uchwa\u0142y w sprawie delegowania przedstawicieli Gminy Dyn\u00f3w do Zgromadzenia Zwi\u0105zku Gmin Turystycznych Pog\u00f3rza Dynowskiego.<\/li><li>Podjecie uchwa\u0142y w sprawie delegowania przedstawicieli Gminy do Stowarzyszenia Samorzad\u00f3w Terytorialnych \u201c Aglomeracja Rzeszowska\u201d.<\/li><li>Podj\u0119cie uchwa\u0142y w sprawie wskazania przedstawiciela Gminy Dyn\u00f3w do Zgromadzenia Celowego Zwi\u0105zku Gmin \u201cEko-Logiczni\u201d.<\/li><li>Wolne wnioski i zapytania.<\/li><li>Zako\u0144czenie obrad.<\/li><\/ol>\n","protected":false},"excerpt":{"rendered":"<p>Dzia\u0142aj\u0105c na podstawie art. 20 ust. 3 ustawy z dnia 8 marca 1990 roku o samorz\u0105dzie gminnym \u00a0\u00a0(t.j. Dz. U.\u00a0 z 2024 r. poz. 609 )\u00a0 zwo\u0142uj\u0119\u00a0 na\u00a0 dzie\u0144 14 maja \u00a02024 r., II Sesj\u0119 Rady Gminy Dyn\u00f3w na\u00a0 godz. 8:00w \u00a0Sali \u00a0Narad Urz\u0119du \u00a0Gminyw Dynowie z nast\u0119puj\u0105cym\u00a0 porz\u0105dkiem obrad: Otwarcie Sesji. Stwierdzenie guorum &nbsp;Podj\u0119cie [&hellip;]<\/p>\n","protected":false},"author":2,"featured_media":2272,"comment_status":"open","ping_status":"open","sticky":false,"template":"","format":"standard","meta":{"footnotes":""},"categories":[4],"tags":[],"class_list":["post-5954","post","type-post","status-publish","format-standard","has-post-thumbnail","hentry","category-aktualnosci"],"featured_image_urls_v2":{"full":["https:\/\/gminadynow.pl\/wp-content\/uploads\/2021\/07\/SESJA.jpg",731,490,false],"thumbnail":["https:\/\/gminadynow.pl\/wp-content\/uploads\/2021\/07\/SESJA-150x150.jpg",150,150,true],"medium":["https:\/\/gminadynow.pl\/wp-content\/uploads\/2021\/07\/SESJA-300x201.jpg",300,201,true],"medium_large":["https:\/\/gminadynow.pl\/wp-content\/uploads\/2021\/07\/SESJA.jpg",731,490,false],"large":["https:\/\/gminadynow.pl\/wp-content\/uploads\/2021\/07\/SESJA.jpg",731,490,false],"1536x1536":["https:\/\/gminadynow.pl\/wp-content\/uploads\/2021\/07\/SESJA.jpg",731,490,false],"2048x2048":["https:\/\/gminadynow.pl\/wp-content\/uploads\/2021\/07\/SESJA.jpg",731,490,false]},"post_excerpt_stackable_v2":"<p>Dzia\u0142aj\u0105c na podstawie art. 20 ust. 3 ustawy z dnia 8 marca 1990 roku o samorz\u0105dzie gminnym \u00a0\u00a0(t.j. Dz. U.\u00a0 z 2024 r. poz. 609 )\u00a0 zwo\u0142uj\u0119\u00a0 na\u00a0 dzie\u0144 14 maja \u00a02024 r., II Sesj\u0119 Rady Gminy Dyn\u00f3w na\u00a0 godz. 8:00w \u00a0Sali \u00a0Narad Urz\u0119du \u00a0Gminyw Dynowie z nast\u0119puj\u0105cym\u00a0 porz\u0105dkiem obrad: Otwarcie Sesji.Stwierdzenie guorum&nbsp;Podj\u0119cie uchwa\u0142y w sprawie ustalenia sk\u0142ad\u00f3w osobowych Komisji Rady.Podj\u0119cie uchwa\u0142y w sprawie ustalenia wysoko\u015bci diety dla Przewodnicz\u0105cego Rady Gminy Dyn\u00f3w.Podj\u0119cie uchwa\u0142y w sprawie delegowania przedstawicieli Gminy Dyn\u00f3w do Zgromadzenia Zwi\u0105zku Gmin Turystycznych Pog\u00f3rza Dynowskiego.Podjecie uchwa\u0142y w sprawie delegowania przedstawicieli Gminy do Stowarzyszenia Samorzad\u00f3w Terytorialnych \u201c Aglomeracja Rzeszowska\u201d.Podj\u0119cie uchwa\u0142y&hellip;<\/p>\n","category_list_v2":"<a href=\"https:\/\/gminadynow.pl\/index.php\/category\/aktualnosci\/\" rel=\"category tag\">Aktualno\u015bci<\/a>","author_info_v2":{"name":"Zofia Kalawska","url":"https:\/\/gminadynow.pl\/index.php\/author\/zofiakalawska\/"},"comments_num_v2":"0 comments","views":205,"rttpg_featured_image_url":{"full":["https:\/\/gminadynow.pl\/wp-content\/uploads\/2021\/07\/SESJA.jpg",731,490,false],"landscape":["https:\/\/gminadynow.pl\/wp-content\/uploads\/2021\/07\/SESJA.jpg",731,490,false],"portraits":["https:\/\/gminadynow.pl\/wp-content\/uploads\/2021\/07\/SESJA.jpg",731,490,false],"thumbnail":["https:\/\/gminadynow.pl\/wp-content\/uploads\/2021\/07\/SESJA-150x150.jpg",150,150,true],"medium":["https:\/\/gminadynow.pl\/wp-content\/uploads\/2021\/07\/SESJA-300x201.jpg",300,201,true],"large":["https:\/\/gminadynow.pl\/wp-content\/uploads\/2021\/07\/SESJA.jpg",731,490,false],"1536x1536":["https:\/\/gminadynow.pl\/wp-content\/uploads\/2021\/07\/SESJA.jpg",731,490,false],"2048x2048":["https:\/\/gminadynow.pl\/wp-content\/uploads\/2021\/07\/SESJA.jpg",731,490,false]},"rttpg_author":{"display_name":"Zofia Kalawska","author_link":"https:\/\/gminadynow.pl\/index.php\/author\/zofiakalawska\/"},"rttpg_comment":0,"rttpg_category":"<a href=\"https:\/\/gminadynow.pl\/index.php\/category\/aktualnosci\/\" rel=\"category tag\">Aktualno\u015bci<\/a>","rttpg_excerpt":"Dzia\u0142aj\u0105c na podstawie art. 20 ust. 3 ustawy z dnia 8 marca 1990 roku o samorz\u0105dzie gminnym \u00a0\u00a0(t.j. Dz. U.\u00a0 z 2024 r. poz. 609 )\u00a0 zwo\u0142uj\u0119\u00a0 na\u00a0 dzie\u0144 14 maja \u00a02024 r., II Sesj\u0119 Rady Gminy Dyn\u00f3w na\u00a0 godz. 8:00w \u00a0Sali \u00a0Narad Urz\u0119du \u00a0Gminyw Dynowie z nast\u0119puj\u0105cym\u00a0 porz\u0105dkiem obrad: Otwarcie Sesji. Stwierdzenie guorum &nbsp;Podj\u0119cie&hellip;","_links":{"self":[{"href":"https:\/\/gminadynow.pl\/index.php\/wp-json\/wp\/v2\/posts\/5954","targetHints":{"allow":["GET"]}}],"collection":[{"href":"https:\/\/gminadynow.pl\/index.php\/wp-json\/wp\/v2\/posts"}],"about":[{"href":"https:\/\/gminadynow.pl\/index.php\/wp-json\/wp\/v2\/types\/post"}],"author":[{"embeddable":true,"href":"https:\/\/gminadynow.pl\/index.php\/wp-json\/wp\/v2\/users\/2"}],"replies":[{"embeddable":true,"href":"https:\/\/gminadynow.pl\/index.php\/wp-json\/wp\/v2\/comments?post=5954"}],"version-history":[{"count":2,"href":"https:\/\/gminadynow.pl\/index.php\/wp-json\/wp\/v2\/posts\/5954\/revisions"}],"predecessor-version":[{"id":5957,"href":"https:\/\/gminadynow.pl\/index.php\/wp-json\/wp\/v2\/posts\/5954\/revisions\/5957"}],"wp:featuredmedia":[{"embeddable":true,"href":"https:\/\/gminadynow.pl\/index.php\/wp-json\/wp\/v2\/media\/2272"}],"wp:attachment":[{"href":"https:\/\/gminadynow.pl\/index.php\/wp-json\/wp\/v2\/media?parent=5954"}],"wp:term":[{"taxonomy":"category","embeddable":true,"href":"https:\/\/gminadynow.pl\/index.php\/wp-json\/wp\/v2\/categories?post=5954"},{"taxonomy":"post_tag","embeddable":true,"href":"https:\/\/gminadynow.pl\/index.php\/wp-json\/wp\/v2\/tags?post=5954"}],"curies":[{"name":"wp","href":"https:\/\/api.w.org\/{rel}","templated":true}]}}