
{"id":5688,"date":"2023-12-22T07:30:00","date_gmt":"2023-12-22T06:30:00","guid":{"rendered":"http:\/\/gminadynow.pl\/?p=5688"},"modified":"2023-12-27T12:45:57","modified_gmt":"2023-12-27T11:45:57","slug":"sesja-rady-gminy-dynow-28-12-2022r","status":"publish","type":"post","link":"https:\/\/gminadynow.pl\/index.php\/2023\/12\/22\/sesja-rady-gminy-dynow-28-12-2022r\/","title":{"rendered":"Sesja Rady Gminy Dyn\u00f3w &#8211; 28.12.2023r."},"content":{"rendered":"\n<figure class=\"wp-block-image size-large\"><img fetchpriority=\"high\" decoding=\"async\" width=\"731\" height=\"490\" src=\"http:\/\/gminadynow.pl\/wp-content\/uploads\/2021\/07\/SESJA.jpg\" alt=\"\" class=\"wp-image-2272\" srcset=\"https:\/\/gminadynow.pl\/wp-content\/uploads\/2021\/07\/SESJA.jpg 731w, https:\/\/gminadynow.pl\/wp-content\/uploads\/2021\/07\/SESJA-300x201.jpg 300w\" sizes=\"(max-width: 731px) 100vw, 731px\" \/><\/figure>\n\n\n\n<p>Dzia\u0142aj\u0105c na podstawie art. 20 ust. 3 ustawy z dnia 8 marca 1990 roku o samorz\u0105dzie gminnym ( t. j. Dz. U.&nbsp; z 2023 r. poz. 40 )&nbsp; zwo\u0142uj\u0119&nbsp; <strong>na&nbsp; dzie\u0144 28 grudnia&nbsp; 2023 r., LIX <\/strong>&nbsp;Sesj\u0119 Rady Gminy Dyn\u00f3w <strong>na&nbsp; godz. 13<sup>00 <\/sup><\/strong>w Sali Urz\u0119du Gminy w Dynowie z nast\u0119puj\u0105cym proponowanym&nbsp; porz\u0105dkiem obrad:<\/p>\n\n\n\n<ol class=\"wp-block-list\" type=\"1\"><li>Otwarcie sesji.<\/li><li>Stwierdzenie quorum.<\/li><li>Podj\u0119cie uchwa\u0142y w sprawie wprowadzenia zmiany w Uchwale Nr LVI(341)2023 Rady Gminy Dyn\u00f3w z dnia 13 listopada 2023r.<\/li><li>Podj\u0119cie uchwa\u0142y w sprawie wprowadzenia zmiany w Uchwale Nr LVI(342)2023 Rady Gminy Dyn\u00f3w z dnia 13 listopada 2023r.<\/li><li>Podj\u0119cie uchwa\u0142y w sprawie wprowadzenia zmiany w Uchwale Nr LVI(343)2023 Rady Gminy Dyn\u00f3w z dnia 13 listopada 2023r.<\/li><li>Podj\u0119cie uchwa\u0142y w sprawie zaci\u0105gni\u0119cia zobowi\u0105zania wykraczaj\u0105cego poza rok bud\u017cetowy 2023 na udzielenie dotacji na realizacj\u0119 zadania inwestycyjnego pn. &#8222;Wykonanie prac konserwatorsko modernizacyjnych wewn\u0105trz ko\u015bcio\u0142a Parafialnego p.w. \u015aw. Miko\u0142aja Biskupa w Harcie&#8221;<\/li><li>Podj\u0119cie uchwa\u0142y w sprawie zaci\u0105gni\u0119cia zobowi\u0105zania wykraczaj\u0105cego poza rok bud\u017cetowy 2023 na udzielenie dotacji na realizacj\u0119 zadania inwestycyjnego pn. &#8222;Konserwacja i restauracja prospektu organowego oraz instrumentu z ko\u015bcio\u0142a parafialnego pw. \u015aw. Wojciecha w Bach\u00f3rzu&#8221;<\/li><li>Podj\u0119cie uchwa\u0142y w sprawie zaci\u0105gni\u0119cia zobowi\u0105zania wykraczaj\u0105cego poza rok bud\u017cetowy 2023 na udzielenie dotacji na realizacj\u0119 zadania inwestycyjnego pn. &#8222;Wykonanie konserwacji o\u0142tarzy bocznych, ambony oraz rze\u017aby \u201eUkrzy\u017cowanie\u201d w Parafii Rzymskokatolickiej pw. \u015aw. Miko\u0142aja Biskupa w Harcie&#8221;<\/li><li>Podj\u0119cie uchwa\u0142y w sprawie zaci\u0105gni\u0119cia zobowi\u0105zania wykraczaj\u0105cego poza rok bud\u017cetowy 2023 na realizacj\u0119 zadania pn. &#8222;Dofinansowanie po\u0142\u0105cze\u0144 autobusowych komunikacji publicznej w 2024r.&#8221;<\/li><li>Podj\u0119cie uchwa\u0142y w sprawie udzielenia po\u017cyczki d\u0142ugoterminowej dla Ochotniczej Stra\u017cy Po\u017carnej w Paw\u0142okomie.<\/li><li>Podj\u0119cie uchwa\u0142y w sprawie wprowadzenia zmian w Uchwale Nr LVII (349)2023 Rady Gminy Dyn\u00f3w z dnia 28 listopada 2023r.<\/li><li>Podj\u0119cie uchwa\u0142y w sprawie wprowadzenia zmian bud\u017cetu gminy na 2023r.<\/li><li>Podj\u0119cie uchwa\u0142y w sprawie \u00a0przyj\u0119cia do realizacji Gminnego Programu Przeciwdzia\u0142ania Przemocy Domowej oraz Ochrony Ofiar Doznaj\u0105cych Przemocy Domowej dla Gminy Dyn\u00f3w na lata 2024 \u2013 2030.<\/li><li>Podj\u0119cie uchwa\u0142y w sprawie przyj\u0119cia Gminnego Programu Wspierania Rodziny w Gminie Dyn\u00f3w na lata 2024 \u2013 2026.<\/li><li>\u00a0Podj\u0119cie uchwa\u0142y\u00a0 w sprawie przyj\u0119cia &#8222;Gminnego Programu Opieki nad Zabytkami gminy Dyn\u00f3w na lata 2024-2027&#8221;<\/li><li>Podj\u0119cie uchwa\u0142y w sprawie \u00a0ustalenia dop\u0142at do taryf dla zbiorowego zaopatrzenia w wod\u0119 i zbiorowego odprowadzenia \u015bciek\u00f3w.<\/li><li>Podj\u0119cie uchwa\u0142y w sprawie wsp\u00f3\u0142pracy Gminy Dyn\u00f3w z organizacjami pozarz\u0105dowymi oraz podmiotami wymienionymi w art. 3 ust. 3 ustawy o dzia\u0142alno\u015bci po\u017cytku publicznego i wolontariacie na rok 2024<\/li><li>\u00a0Podj\u0119cie uchwa\u0142y w sprawie uchwalenia bud\u017cetu Gminy Dyn\u00f3w na 2024r.<\/li><li>Podj\u0119cie uchwa\u0142y w sprawie uchwalenia Wieloletniej Prognozy Finansowej na lata 2024-2034.<\/li><li>Wolne wnioski i zapytania.<\/li><li>Zamkni\u0119cie obrad.<\/li><\/ol>\n\n\n\n<p><\/p>\n","protected":false},"excerpt":{"rendered":"<p>Dzia\u0142aj\u0105c na podstawie art. 20 ust. 3 ustawy z dnia 8 marca 1990 roku o samorz\u0105dzie gminnym ( t. j. Dz. U.&nbsp; z 2023 r. poz. 40 )&nbsp; zwo\u0142uj\u0119&nbsp; na&nbsp; dzie\u0144 28 grudnia&nbsp; 2023 r., LIX &nbsp;Sesj\u0119 Rady Gminy Dyn\u00f3w na&nbsp; godz. 1300 w Sali Urz\u0119du Gminy w Dynowie z nast\u0119puj\u0105cym proponowanym&nbsp; porz\u0105dkiem obrad: Otwarcie [&hellip;]<\/p>\n","protected":false},"author":2,"featured_media":2272,"comment_status":"open","ping_status":"open","sticky":false,"template":"","format":"standard","meta":{"footnotes":""},"categories":[4],"tags":[],"class_list":["post-5688","post","type-post","status-publish","format-standard","has-post-thumbnail","hentry","category-aktualnosci"],"featured_image_urls_v2":{"full":["https:\/\/gminadynow.pl\/wp-content\/uploads\/2021\/07\/SESJA.jpg",731,490,false],"thumbnail":["https:\/\/gminadynow.pl\/wp-content\/uploads\/2021\/07\/SESJA-150x150.jpg",150,150,true],"medium":["https:\/\/gminadynow.pl\/wp-content\/uploads\/2021\/07\/SESJA-300x201.jpg",300,201,true],"medium_large":["https:\/\/gminadynow.pl\/wp-content\/uploads\/2021\/07\/SESJA.jpg",731,490,false],"large":["https:\/\/gminadynow.pl\/wp-content\/uploads\/2021\/07\/SESJA.jpg",731,490,false],"1536x1536":["https:\/\/gminadynow.pl\/wp-content\/uploads\/2021\/07\/SESJA.jpg",731,490,false],"2048x2048":["https:\/\/gminadynow.pl\/wp-content\/uploads\/2021\/07\/SESJA.jpg",731,490,false]},"post_excerpt_stackable_v2":"<p>Dzia\u0142aj\u0105c na podstawie art. 20 ust. 3 ustawy z dnia 8 marca 1990 roku o samorz\u0105dzie gminnym ( t. j. Dz. U.&nbsp; z 2023 r. poz. 40 )&nbsp; zwo\u0142uj\u0119&nbsp; na&nbsp; dzie\u0144 28 grudnia&nbsp; 2023 r., LIX &nbsp;Sesj\u0119 Rady Gminy Dyn\u00f3w na&nbsp; godz. 1300 w Sali Urz\u0119du Gminy w Dynowie z nast\u0119puj\u0105cym proponowanym&nbsp; porz\u0105dkiem obrad: Otwarcie sesji.Stwierdzenie quorum.Podj\u0119cie uchwa\u0142y w sprawie wprowadzenia zmiany w Uchwale Nr LVI(341)2023 Rady Gminy Dyn\u00f3w z dnia 13 listopada 2023r.Podj\u0119cie uchwa\u0142y w sprawie wprowadzenia zmiany w Uchwale Nr LVI(342)2023 Rady Gminy Dyn\u00f3w z dnia 13 listopada 2023r.Podj\u0119cie uchwa\u0142y w sprawie wprowadzenia zmiany w Uchwale Nr LVI(343)2023&hellip;<\/p>\n","category_list_v2":"<a href=\"https:\/\/gminadynow.pl\/index.php\/category\/aktualnosci\/\" rel=\"category tag\">Aktualno\u015bci<\/a>","author_info_v2":{"name":"Zofia Kalawska","url":"https:\/\/gminadynow.pl\/index.php\/author\/zofiakalawska\/"},"comments_num_v2":"0 comments","views":223,"rttpg_featured_image_url":{"full":["https:\/\/gminadynow.pl\/wp-content\/uploads\/2021\/07\/SESJA.jpg",731,490,false],"landscape":["https:\/\/gminadynow.pl\/wp-content\/uploads\/2021\/07\/SESJA.jpg",731,490,false],"portraits":["https:\/\/gminadynow.pl\/wp-content\/uploads\/2021\/07\/SESJA.jpg",731,490,false],"thumbnail":["https:\/\/gminadynow.pl\/wp-content\/uploads\/2021\/07\/SESJA-150x150.jpg",150,150,true],"medium":["https:\/\/gminadynow.pl\/wp-content\/uploads\/2021\/07\/SESJA-300x201.jpg",300,201,true],"large":["https:\/\/gminadynow.pl\/wp-content\/uploads\/2021\/07\/SESJA.jpg",731,490,false],"1536x1536":["https:\/\/gminadynow.pl\/wp-content\/uploads\/2021\/07\/SESJA.jpg",731,490,false],"2048x2048":["https:\/\/gminadynow.pl\/wp-content\/uploads\/2021\/07\/SESJA.jpg",731,490,false]},"rttpg_author":{"display_name":"Zofia Kalawska","author_link":"https:\/\/gminadynow.pl\/index.php\/author\/zofiakalawska\/"},"rttpg_comment":1,"rttpg_category":"<a href=\"https:\/\/gminadynow.pl\/index.php\/category\/aktualnosci\/\" rel=\"category tag\">Aktualno\u015bci<\/a>","rttpg_excerpt":"Dzia\u0142aj\u0105c na podstawie art. 20 ust. 3 ustawy z dnia 8 marca 1990 roku o samorz\u0105dzie gminnym ( t. j. Dz. U.&nbsp; z 2023 r. poz. 40 )&nbsp; zwo\u0142uj\u0119&nbsp; na&nbsp; dzie\u0144 28 grudnia&nbsp; 2023 r., LIX &nbsp;Sesj\u0119 Rady Gminy Dyn\u00f3w na&nbsp; godz. 1300 w Sali Urz\u0119du Gminy w Dynowie z nast\u0119puj\u0105cym proponowanym&nbsp; porz\u0105dkiem obrad: Otwarcie&hellip;","_links":{"self":[{"href":"https:\/\/gminadynow.pl\/index.php\/wp-json\/wp\/v2\/posts\/5688","targetHints":{"allow":["GET"]}}],"collection":[{"href":"https:\/\/gminadynow.pl\/index.php\/wp-json\/wp\/v2\/posts"}],"about":[{"href":"https:\/\/gminadynow.pl\/index.php\/wp-json\/wp\/v2\/types\/post"}],"author":[{"embeddable":true,"href":"https:\/\/gminadynow.pl\/index.php\/wp-json\/wp\/v2\/users\/2"}],"replies":[{"embeddable":true,"href":"https:\/\/gminadynow.pl\/index.php\/wp-json\/wp\/v2\/comments?post=5688"}],"version-history":[{"count":4,"href":"https:\/\/gminadynow.pl\/index.php\/wp-json\/wp\/v2\/posts\/5688\/revisions"}],"predecessor-version":[{"id":5695,"href":"https:\/\/gminadynow.pl\/index.php\/wp-json\/wp\/v2\/posts\/5688\/revisions\/5695"}],"wp:featuredmedia":[{"embeddable":true,"href":"https:\/\/gminadynow.pl\/index.php\/wp-json\/wp\/v2\/media\/2272"}],"wp:attachment":[{"href":"https:\/\/gminadynow.pl\/index.php\/wp-json\/wp\/v2\/media?parent=5688"}],"wp:term":[{"taxonomy":"category","embeddable":true,"href":"https:\/\/gminadynow.pl\/index.php\/wp-json\/wp\/v2\/categories?post=5688"},{"taxonomy":"post_tag","embeddable":true,"href":"https:\/\/gminadynow.pl\/index.php\/wp-json\/wp\/v2\/tags?post=5688"}],"curies":[{"name":"wp","href":"https:\/\/api.w.org\/{rel}","templated":true}]}}