
{"id":2904,"date":"2021-10-22T07:35:17","date_gmt":"2021-10-22T05:35:17","guid":{"rendered":"http:\/\/gminadynow.pl\/?p=2904"},"modified":"2021-10-22T07:38:50","modified_gmt":"2021-10-22T05:38:50","slug":"xxxiv-sesja-rady-gminy-dynow","status":"publish","type":"post","link":"https:\/\/gminadynow.pl\/index.php\/2021\/10\/22\/xxxiv-sesja-rady-gminy-dynow\/","title":{"rendered":"XXXIV Sesja Rady Gminy Dyn\u00f3w"},"content":{"rendered":"\n<figure class=\"wp-block-image size-large\"><img fetchpriority=\"high\" decoding=\"async\" width=\"731\" height=\"490\" src=\"http:\/\/gminadynow.pl\/wp-content\/uploads\/2021\/07\/SESJA.jpg\" alt=\"\" class=\"wp-image-2272\" srcset=\"https:\/\/gminadynow.pl\/wp-content\/uploads\/2021\/07\/SESJA.jpg 731w, https:\/\/gminadynow.pl\/wp-content\/uploads\/2021\/07\/SESJA-300x201.jpg 300w\" sizes=\"(max-width: 731px) 100vw, 731px\" \/><\/figure>\n\n\n\n<p><strong>&nbsp;&nbsp;&nbsp;&nbsp;&nbsp;&nbsp;&nbsp; <\/strong>&nbsp;Dzia\u0142aj\u0105c na podstawie art. 20 ust. 3 ustawy z dnia 8 marca 1990 roku o samorz\u0105dzie gminnym (t.j. Dz. U.&nbsp; z 2021 r. poz. 1372 )&nbsp; zwo\u0142uj\u0119 <strong>na dzie\u0144 28 pa\u017adziernika 2021r., XXXIV <\/strong>&nbsp;Sesj\u0119 Rady Gminy Dyn\u00f3w <strong>na&nbsp; godz. 9<sup>00<\/sup> <\/strong>w Sali Urz\u0119du Gminyw Dynowie. <\/p>\n\n\n\n<p>Porz\u0105dek obrad:&nbsp;&nbsp;&nbsp;&nbsp;&nbsp;&nbsp;&nbsp;&nbsp;&nbsp;&nbsp;&nbsp;&nbsp;&nbsp;&nbsp;&nbsp;&nbsp;&nbsp;&nbsp;&nbsp;&nbsp;&nbsp;&nbsp;&nbsp;&nbsp;&nbsp;&nbsp;&nbsp;&nbsp;&nbsp;&nbsp;&nbsp;&nbsp;&nbsp;&nbsp;&nbsp;&nbsp;&nbsp;&nbsp;&nbsp;&nbsp;&nbsp;&nbsp;&nbsp;&nbsp;&nbsp;&nbsp;&nbsp;&nbsp;&nbsp;&nbsp;&nbsp;&nbsp;&nbsp;&nbsp;&nbsp;&nbsp;&nbsp;&nbsp;&nbsp;&nbsp;&nbsp;&nbsp;&nbsp;&nbsp;&nbsp;&nbsp;&nbsp;&nbsp;&nbsp;&nbsp;&nbsp;&nbsp;&nbsp;&nbsp;&nbsp;&nbsp;&nbsp;&nbsp;&nbsp;&nbsp;&nbsp;&nbsp;<\/p>\n\n\n\n<ol class=\"wp-block-list\" type=\"1\"><li>Otwarcie sesji<\/li><li>&nbsp;Stwierdzenie quorum.<\/li><li>Podj\u0119cie uchwa\u0142y w sprawie wprowadzenia zmian bud\u017cetu gminy na 2021 r.<\/li><li>Podj\u0119cie uchwa\u0142y w sprawie zaci\u0105gni\u0119cia zobowi\u0105zania wykraczaj\u0105cych poza rok bud\u017cetowy 2021.<\/li><li>&nbsp;Podj\u0119cie uchwa\u0142y w sprawie uchwalenia Statutu Gminy Dyn\u00f3w.<\/li><li>Informacja o stanie realizacji zada\u0144 o\u015bwiatowych w Gminie Dyn\u00f3w za rok szkolny 2020\/2021.<\/li><li>Wolne wnioski i zapytania.<\/li><li>&nbsp;8. &nbsp;Zamkni\u0119cie obrad.<\/li><\/ol>\n\n\n\n<p class=\"has-text-align-right\">  Przewodnicz\u0105cy Rady  <\/p>\n\n\n\n<p class=\"has-text-align-right\">  Gminy Dyn\u00f3w            <\/p>\n\n\n\n<p class=\"has-text-align-right\">\u00a0\u00a0 Franciszek Pilip<\/p>\n","protected":false},"excerpt":{"rendered":"<p>&nbsp;&nbsp;&nbsp;&nbsp;&nbsp;&nbsp;&nbsp; &nbsp;Dzia\u0142aj\u0105c na podstawie art. 20 ust. 3 ustawy z dnia 8 marca 1990 roku o samorz\u0105dzie gminnym (t.j. Dz. U.&nbsp; z 2021 r. poz. 1372 )&nbsp; zwo\u0142uj\u0119 na dzie\u0144 28 pa\u017adziernika 2021r., XXXIV &nbsp;Sesj\u0119 Rady Gminy Dyn\u00f3w na&nbsp; godz. 900 w Sali Urz\u0119du Gminyw Dynowie. Porz\u0105dek obrad:&nbsp;&nbsp;&nbsp;&nbsp;&nbsp;&nbsp;&nbsp;&nbsp;&nbsp;&nbsp;&nbsp;&nbsp;&nbsp;&nbsp;&nbsp;&nbsp;&nbsp;&nbsp;&nbsp;&nbsp;&nbsp;&nbsp;&nbsp;&nbsp;&nbsp;&nbsp;&nbsp;&nbsp;&nbsp;&nbsp;&nbsp;&nbsp;&nbsp;&nbsp;&nbsp;&nbsp;&nbsp;&nbsp;&nbsp;&nbsp;&nbsp;&nbsp;&nbsp;&nbsp;&nbsp;&nbsp;&nbsp;&nbsp;&nbsp;&nbsp;&nbsp;&nbsp;&nbsp;&nbsp;&nbsp;&nbsp;&nbsp;&nbsp;&nbsp;&nbsp;&nbsp;&nbsp;&nbsp;&nbsp;&nbsp;&nbsp;&nbsp;&nbsp;&nbsp;&nbsp;&nbsp;&nbsp;&nbsp;&nbsp;&nbsp;&nbsp;&nbsp;&nbsp;&nbsp;&nbsp;&nbsp;&nbsp; Otwarcie sesji &nbsp;Stwierdzenie quorum. Podj\u0119cie uchwa\u0142y w [&hellip;]<\/p>\n","protected":false},"author":2,"featured_media":2272,"comment_status":"open","ping_status":"open","sticky":false,"template":"","format":"standard","meta":{"footnotes":""},"categories":[4],"tags":[],"class_list":["post-2904","post","type-post","status-publish","format-standard","has-post-thumbnail","hentry","category-aktualnosci"],"featured_image_urls_v2":{"full":["https:\/\/gminadynow.pl\/wp-content\/uploads\/2021\/07\/SESJA.jpg",731,490,false],"thumbnail":["https:\/\/gminadynow.pl\/wp-content\/uploads\/2021\/07\/SESJA-150x150.jpg",150,150,true],"medium":["https:\/\/gminadynow.pl\/wp-content\/uploads\/2021\/07\/SESJA-300x201.jpg",300,201,true],"medium_large":["https:\/\/gminadynow.pl\/wp-content\/uploads\/2021\/07\/SESJA.jpg",731,490,false],"large":["https:\/\/gminadynow.pl\/wp-content\/uploads\/2021\/07\/SESJA.jpg",731,490,false],"1536x1536":["https:\/\/gminadynow.pl\/wp-content\/uploads\/2021\/07\/SESJA.jpg",731,490,false],"2048x2048":["https:\/\/gminadynow.pl\/wp-content\/uploads\/2021\/07\/SESJA.jpg",731,490,false]},"post_excerpt_stackable_v2":"<p>&nbsp;&nbsp;&nbsp;&nbsp;&nbsp;&nbsp;&nbsp; &nbsp;Dzia\u0142aj\u0105c na podstawie art. 20 ust. 3 ustawy z dnia 8 marca 1990 roku o samorz\u0105dzie gminnym (t.j. Dz. U.&nbsp; z 2021 r. poz. 1372 )&nbsp; zwo\u0142uj\u0119 na dzie\u0144 28 pa\u017adziernika 2021r., XXXIV &nbsp;Sesj\u0119 Rady Gminy Dyn\u00f3w na&nbsp; godz. 900 w Sali Urz\u0119du Gminyw Dynowie. Porz\u0105dek obrad:&nbsp;&nbsp;&nbsp;&nbsp;&nbsp;&nbsp;&nbsp;&nbsp;&nbsp;&nbsp;&nbsp;&nbsp;&nbsp;&nbsp;&nbsp;&nbsp;&nbsp;&nbsp;&nbsp;&nbsp;&nbsp;&nbsp;&nbsp;&nbsp;&nbsp;&nbsp;&nbsp;&nbsp;&nbsp;&nbsp;&nbsp;&nbsp;&nbsp;&nbsp;&nbsp;&nbsp;&nbsp;&nbsp;&nbsp;&nbsp;&nbsp;&nbsp;&nbsp;&nbsp;&nbsp;&nbsp;&nbsp;&nbsp;&nbsp;&nbsp;&nbsp;&nbsp;&nbsp;&nbsp;&nbsp;&nbsp;&nbsp;&nbsp;&nbsp;&nbsp;&nbsp;&nbsp;&nbsp;&nbsp;&nbsp;&nbsp;&nbsp;&nbsp;&nbsp;&nbsp;&nbsp;&nbsp;&nbsp;&nbsp;&nbsp;&nbsp;&nbsp;&nbsp;&nbsp;&nbsp;&nbsp;&nbsp; Otwarcie sesji&nbsp;Stwierdzenie quorum.Podj\u0119cie uchwa\u0142y w sprawie wprowadzenia zmian bud\u017cetu gminy na 2021 r.Podj\u0119cie uchwa\u0142y w sprawie zaci\u0105gni\u0119cia zobowi\u0105zania wykraczaj\u0105cych poza rok bud\u017cetowy 2021.&nbsp;Podj\u0119cie uchwa\u0142y w sprawie uchwalenia Statutu Gminy Dyn\u00f3w.Informacja o stanie realizacji zada\u0144 o\u015bwiatowych w Gminie Dyn\u00f3w za rok szkolny 2020\/2021.Wolne wnioski i zapytania.&nbsp;8. &nbsp;Zamkni\u0119cie obrad. Przewodnicz\u0105cy Rady Gminy Dyn\u00f3w \u00a0\u00a0&hellip;<\/p>\n","category_list_v2":"<a href=\"https:\/\/gminadynow.pl\/index.php\/category\/aktualnosci\/\" rel=\"category tag\">Aktualno\u015bci<\/a>","author_info_v2":{"name":"Zofia Kalawska","url":"https:\/\/gminadynow.pl\/index.php\/author\/zofiakalawska\/"},"comments_num_v2":"0 comments","views":145,"rttpg_featured_image_url":{"full":["https:\/\/gminadynow.pl\/wp-content\/uploads\/2021\/07\/SESJA.jpg",731,490,false],"landscape":["https:\/\/gminadynow.pl\/wp-content\/uploads\/2021\/07\/SESJA.jpg",731,490,false],"portraits":["https:\/\/gminadynow.pl\/wp-content\/uploads\/2021\/07\/SESJA.jpg",731,490,false],"thumbnail":["https:\/\/gminadynow.pl\/wp-content\/uploads\/2021\/07\/SESJA-150x150.jpg",150,150,true],"medium":["https:\/\/gminadynow.pl\/wp-content\/uploads\/2021\/07\/SESJA-300x201.jpg",300,201,true],"large":["https:\/\/gminadynow.pl\/wp-content\/uploads\/2021\/07\/SESJA.jpg",731,490,false],"1536x1536":["https:\/\/gminadynow.pl\/wp-content\/uploads\/2021\/07\/SESJA.jpg",731,490,false],"2048x2048":["https:\/\/gminadynow.pl\/wp-content\/uploads\/2021\/07\/SESJA.jpg",731,490,false]},"rttpg_author":{"display_name":"Zofia Kalawska","author_link":"https:\/\/gminadynow.pl\/index.php\/author\/zofiakalawska\/"},"rttpg_comment":0,"rttpg_category":"<a href=\"https:\/\/gminadynow.pl\/index.php\/category\/aktualnosci\/\" rel=\"category tag\">Aktualno\u015bci<\/a>","rttpg_excerpt":"&nbsp;&nbsp;&nbsp;&nbsp;&nbsp;&nbsp;&nbsp; &nbsp;Dzia\u0142aj\u0105c na podstawie art. 20 ust. 3 ustawy z dnia 8 marca 1990 roku o samorz\u0105dzie gminnym (t.j. Dz. U.&nbsp; z 2021 r. poz. 1372 )&nbsp; zwo\u0142uj\u0119 na dzie\u0144 28 pa\u017adziernika 2021r., XXXIV &nbsp;Sesj\u0119 Rady Gminy Dyn\u00f3w na&nbsp; godz. 900 w Sali Urz\u0119du Gminyw Dynowie. Porz\u0105dek obrad:&nbsp;&nbsp;&nbsp;&nbsp;&nbsp;&nbsp;&nbsp;&nbsp;&nbsp;&nbsp;&nbsp;&nbsp;&nbsp;&nbsp;&nbsp;&nbsp;&nbsp;&nbsp;&nbsp;&nbsp;&nbsp;&nbsp;&nbsp;&nbsp;&nbsp;&nbsp;&nbsp;&nbsp;&nbsp;&nbsp;&nbsp;&nbsp;&nbsp;&nbsp;&nbsp;&nbsp;&nbsp;&nbsp;&nbsp;&nbsp;&nbsp;&nbsp;&nbsp;&nbsp;&nbsp;&nbsp;&nbsp;&nbsp;&nbsp;&nbsp;&nbsp;&nbsp;&nbsp;&nbsp;&nbsp;&nbsp;&nbsp;&nbsp;&nbsp;&nbsp;&nbsp;&nbsp;&nbsp;&nbsp;&nbsp;&nbsp;&nbsp;&nbsp;&nbsp;&nbsp;&nbsp;&nbsp;&nbsp;&nbsp;&nbsp;&nbsp;&nbsp;&nbsp;&nbsp;&nbsp;&nbsp;&nbsp; Otwarcie sesji &nbsp;Stwierdzenie quorum. Podj\u0119cie uchwa\u0142y w&hellip;","_links":{"self":[{"href":"https:\/\/gminadynow.pl\/index.php\/wp-json\/wp\/v2\/posts\/2904","targetHints":{"allow":["GET"]}}],"collection":[{"href":"https:\/\/gminadynow.pl\/index.php\/wp-json\/wp\/v2\/posts"}],"about":[{"href":"https:\/\/gminadynow.pl\/index.php\/wp-json\/wp\/v2\/types\/post"}],"author":[{"embeddable":true,"href":"https:\/\/gminadynow.pl\/index.php\/wp-json\/wp\/v2\/users\/2"}],"replies":[{"embeddable":true,"href":"https:\/\/gminadynow.pl\/index.php\/wp-json\/wp\/v2\/comments?post=2904"}],"version-history":[{"count":3,"href":"https:\/\/gminadynow.pl\/index.php\/wp-json\/wp\/v2\/posts\/2904\/revisions"}],"predecessor-version":[{"id":2910,"href":"https:\/\/gminadynow.pl\/index.php\/wp-json\/wp\/v2\/posts\/2904\/revisions\/2910"}],"wp:featuredmedia":[{"embeddable":true,"href":"https:\/\/gminadynow.pl\/index.php\/wp-json\/wp\/v2\/media\/2272"}],"wp:attachment":[{"href":"https:\/\/gminadynow.pl\/index.php\/wp-json\/wp\/v2\/media?parent=2904"}],"wp:term":[{"taxonomy":"category","embeddable":true,"href":"https:\/\/gminadynow.pl\/index.php\/wp-json\/wp\/v2\/categories?post=2904"},{"taxonomy":"post_tag","embeddable":true,"href":"https:\/\/gminadynow.pl\/index.php\/wp-json\/wp\/v2\/tags?post=2904"}],"curies":[{"name":"wp","href":"https:\/\/api.w.org\/{rel}","templated":true}]}}