
{"id":2489,"date":"2021-08-19T08:51:15","date_gmt":"2021-08-19T06:51:15","guid":{"rendered":"http:\/\/gminadynow.pl\/?p=2489"},"modified":"2021-08-19T08:53:39","modified_gmt":"2021-08-19T06:53:39","slug":"odmowa-udzialy-w-spisie","status":"publish","type":"post","link":"https:\/\/gminadynow.pl\/index.php\/2021\/08\/19\/odmowa-udzialy-w-spisie\/","title":{"rendered":"Odmowa udzia\u0142y w Spisie Powszechnym"},"content":{"rendered":"\n<figure class=\"wp-block-image size-large\"><img fetchpriority=\"high\" decoding=\"async\" width=\"770\" height=\"434\" src=\"http:\/\/gminadynow.pl\/wp-content\/uploads\/2021\/08\/236438599_4376209489113960_215269576787943652_n.jpg\" alt=\"\" class=\"wp-image-2487\" srcset=\"https:\/\/gminadynow.pl\/wp-content\/uploads\/2021\/08\/236438599_4376209489113960_215269576787943652_n.jpg 770w, https:\/\/gminadynow.pl\/wp-content\/uploads\/2021\/08\/236438599_4376209489113960_215269576787943652_n-300x169.jpg 300w, https:\/\/gminadynow.pl\/wp-content\/uploads\/2021\/08\/236438599_4376209489113960_215269576787943652_n-768x433.jpg 768w\" sizes=\"(max-width: 770px) 100vw, 770px\" \/><\/figure>\n\n\n\n<p>Przypominamy, \u017ce Narodowy Spis Powszechny Ludno\u015bci i Mieszka\u0144 trwa do 30 wrze\u015bnia 2021 r.<\/p>\n\n\n\n<p>Nie czekaj do ostatniej chwili! Wejd\u017a na stron\u0119 spis.gov.pl i spisz si\u0119 w dogodnej dla siebie chwili.<\/p>\n\n\n\n<p>Ka\u017cdy, kto nie ma mo\u017cliwo\u015bci spisania si\u0119 w domu lub nie wie, jak to zrobi\u0107, mo\u017ce spisa\u0107 si\u0119 w Urz\u0119dzie Gminy.<\/p>\n\n\n\n<p>Udzia\u0142 w Narodowym Spisie Powszechnym 2021 jest obowi\u0105zkowy, a odmowa wzi\u0119cia w nim udzia\u0142u skutkuje na\u0142o\u017ceniem kary grzywny w wysoko\u015bci do 5 tys. z\u0142.<\/p>\n","protected":false},"excerpt":{"rendered":"<p>Przypominamy, \u017ce Narodowy Spis Powszechny Ludno\u015bci i Mieszka\u0144 trwa do 30 wrze\u015bnia 2021 r. Nie czekaj do ostatniej chwili! Wejd\u017a na stron\u0119 spis.gov.pl i spisz si\u0119 w dogodnej dla siebie chwili. Ka\u017cdy, kto nie ma mo\u017cliwo\u015bci spisania si\u0119 w domu lub nie wie, jak to zrobi\u0107, mo\u017ce spisa\u0107 si\u0119 w Urz\u0119dzie Gminy. Udzia\u0142 w Narodowym [&hellip;]<\/p>\n","protected":false},"author":2,"featured_media":2487,"comment_status":"open","ping_status":"open","sticky":false,"template":"","format":"standard","meta":{"footnotes":""},"categories":[4],"tags":[],"class_list":["post-2489","post","type-post","status-publish","format-standard","has-post-thumbnail","hentry","category-aktualnosci"],"featured_image_urls_v2":{"full":["https:\/\/gminadynow.pl\/wp-content\/uploads\/2021\/08\/236438599_4376209489113960_215269576787943652_n.jpg",770,434,false],"thumbnail":["https:\/\/gminadynow.pl\/wp-content\/uploads\/2021\/08\/236438599_4376209489113960_215269576787943652_n-150x150.jpg",150,150,true],"medium":["https:\/\/gminadynow.pl\/wp-content\/uploads\/2021\/08\/236438599_4376209489113960_215269576787943652_n-300x169.jpg",300,169,true],"medium_large":["https:\/\/gminadynow.pl\/wp-content\/uploads\/2021\/08\/236438599_4376209489113960_215269576787943652_n-768x433.jpg",768,433,true],"large":["https:\/\/gminadynow.pl\/wp-content\/uploads\/2021\/08\/236438599_4376209489113960_215269576787943652_n.jpg",770,434,false],"1536x1536":["https:\/\/gminadynow.pl\/wp-content\/uploads\/2021\/08\/236438599_4376209489113960_215269576787943652_n.jpg",770,434,false],"2048x2048":["https:\/\/gminadynow.pl\/wp-content\/uploads\/2021\/08\/236438599_4376209489113960_215269576787943652_n.jpg",770,434,false]},"post_excerpt_stackable_v2":"<p>Przypominamy, \u017ce Narodowy Spis Powszechny Ludno\u015bci i Mieszka\u0144 trwa do 30 wrze\u015bnia 2021 r. Nie czekaj do ostatniej chwili! Wejd\u017a na stron\u0119 spis.gov.pl i spisz si\u0119 w dogodnej dla siebie chwili. Ka\u017cdy, kto nie ma mo\u017cliwo\u015bci spisania si\u0119 w domu lub nie wie, jak to zrobi\u0107, mo\u017ce spisa\u0107 si\u0119 w Urz\u0119dzie Gminy. Udzia\u0142 w Narodowym Spisie Powszechnym 2021 jest obowi\u0105zkowy, a odmowa wzi\u0119cia w nim udzia\u0142u skutkuje na\u0142o\u017ceniem kary grzywny w wysoko\u015bci do 5 tys. z\u0142.<\/p>\n","category_list_v2":"<a href=\"https:\/\/gminadynow.pl\/index.php\/category\/aktualnosci\/\" rel=\"category tag\">Aktualno\u015bci<\/a>","author_info_v2":{"name":"Zofia Kalawska","url":"https:\/\/gminadynow.pl\/index.php\/author\/zofiakalawska\/"},"comments_num_v2":"0 comments","views":43,"rttpg_featured_image_url":{"full":["https:\/\/gminadynow.pl\/wp-content\/uploads\/2021\/08\/236438599_4376209489113960_215269576787943652_n.jpg",770,434,false],"landscape":["https:\/\/gminadynow.pl\/wp-content\/uploads\/2021\/08\/236438599_4376209489113960_215269576787943652_n.jpg",770,434,false],"portraits":["https:\/\/gminadynow.pl\/wp-content\/uploads\/2021\/08\/236438599_4376209489113960_215269576787943652_n.jpg",770,434,false],"thumbnail":["https:\/\/gminadynow.pl\/wp-content\/uploads\/2021\/08\/236438599_4376209489113960_215269576787943652_n-150x150.jpg",150,150,true],"medium":["https:\/\/gminadynow.pl\/wp-content\/uploads\/2021\/08\/236438599_4376209489113960_215269576787943652_n-300x169.jpg",300,169,true],"large":["https:\/\/gminadynow.pl\/wp-content\/uploads\/2021\/08\/236438599_4376209489113960_215269576787943652_n.jpg",770,434,false],"1536x1536":["https:\/\/gminadynow.pl\/wp-content\/uploads\/2021\/08\/236438599_4376209489113960_215269576787943652_n.jpg",770,434,false],"2048x2048":["https:\/\/gminadynow.pl\/wp-content\/uploads\/2021\/08\/236438599_4376209489113960_215269576787943652_n.jpg",770,434,false]},"rttpg_author":{"display_name":"Zofia Kalawska","author_link":"https:\/\/gminadynow.pl\/index.php\/author\/zofiakalawska\/"},"rttpg_comment":0,"rttpg_category":"<a href=\"https:\/\/gminadynow.pl\/index.php\/category\/aktualnosci\/\" rel=\"category tag\">Aktualno\u015bci<\/a>","rttpg_excerpt":"Przypominamy, \u017ce Narodowy Spis Powszechny Ludno\u015bci i Mieszka\u0144 trwa do 30 wrze\u015bnia 2021 r. Nie czekaj do ostatniej chwili! Wejd\u017a na stron\u0119 spis.gov.pl i spisz si\u0119 w dogodnej dla siebie chwili. Ka\u017cdy, kto nie ma mo\u017cliwo\u015bci spisania si\u0119 w domu lub nie wie, jak to zrobi\u0107, mo\u017ce spisa\u0107 si\u0119 w Urz\u0119dzie Gminy. Udzia\u0142 w Narodowym&hellip;","_links":{"self":[{"href":"https:\/\/gminadynow.pl\/index.php\/wp-json\/wp\/v2\/posts\/2489","targetHints":{"allow":["GET"]}}],"collection":[{"href":"https:\/\/gminadynow.pl\/index.php\/wp-json\/wp\/v2\/posts"}],"about":[{"href":"https:\/\/gminadynow.pl\/index.php\/wp-json\/wp\/v2\/types\/post"}],"author":[{"embeddable":true,"href":"https:\/\/gminadynow.pl\/index.php\/wp-json\/wp\/v2\/users\/2"}],"replies":[{"embeddable":true,"href":"https:\/\/gminadynow.pl\/index.php\/wp-json\/wp\/v2\/comments?post=2489"}],"version-history":[{"count":2,"href":"https:\/\/gminadynow.pl\/index.php\/wp-json\/wp\/v2\/posts\/2489\/revisions"}],"predecessor-version":[{"id":2492,"href":"https:\/\/gminadynow.pl\/index.php\/wp-json\/wp\/v2\/posts\/2489\/revisions\/2492"}],"wp:featuredmedia":[{"embeddable":true,"href":"https:\/\/gminadynow.pl\/index.php\/wp-json\/wp\/v2\/media\/2487"}],"wp:attachment":[{"href":"https:\/\/gminadynow.pl\/index.php\/wp-json\/wp\/v2\/media?parent=2489"}],"wp:term":[{"taxonomy":"category","embeddable":true,"href":"https:\/\/gminadynow.pl\/index.php\/wp-json\/wp\/v2\/categories?post=2489"},{"taxonomy":"post_tag","embeddable":true,"href":"https:\/\/gminadynow.pl\/index.php\/wp-json\/wp\/v2\/tags?post=2489"}],"curies":[{"name":"wp","href":"https:\/\/api.w.org\/{rel}","templated":true}]}}