
{"id":2405,"date":"2021-08-09T08:11:01","date_gmt":"2021-08-09T06:11:01","guid":{"rendered":"http:\/\/gminadynow.pl\/?p=2405"},"modified":"2021-08-09T08:26:07","modified_gmt":"2021-08-09T06:26:07","slug":"uchwala-antysmogowa-dla-podkarpacia","status":"publish","type":"post","link":"https:\/\/gminadynow.pl\/index.php\/2021\/08\/09\/uchwala-antysmogowa-dla-podkarpacia\/","title":{"rendered":"UCHWA\u0141A ANTYSMOGOWA DLA PODKARPACIA"},"content":{"rendered":"\n<figure class=\"wp-block-image size-large\"><img fetchpriority=\"high\" decoding=\"async\" width=\"700\" height=\"466\" src=\"http:\/\/gminadynow.pl\/wp-content\/uploads\/2021\/08\/Uchwala-antysmogowa.jpg\" alt=\"\" class=\"wp-image-2402\" srcset=\"https:\/\/gminadynow.pl\/wp-content\/uploads\/2021\/08\/Uchwala-antysmogowa.jpg 700w, https:\/\/gminadynow.pl\/wp-content\/uploads\/2021\/08\/Uchwala-antysmogowa-300x200.jpg 300w\" sizes=\"(max-width: 700px) 100vw, 700px\" \/><\/figure>\n\n\n\n<p><\/p>\n\n\n\n<p>Przypominamy \u017ce od 23 kwietnia 2018 roku na terenie Wojew\u00f3dztwa Podkarpackiego obowi\u0105zuje tzw. uchwa\u0142a antysmogowa czyli Uchwa\u0142a Nr LII\/869\/18 Sejmiku Wojew\u00f3dztwa Podkarpackiego z dnia 23 kwietnia 2018 r. w sprawie wprowadzenia na obszarze wojew\u00f3dztwa podkarpackiego ogranicze\u0144 w zakresie instalacji, w kt\u00f3rych nast\u0119puje spalanie paliw. Na mocy tej uchwa\u0142y wprowadzone zosta\u0142y nast\u0119puj\u0105ce regulacje:<\/p>\n\n\n\n<ol class=\"wp-block-list\" type=\"1\"><li>Zakaz spalania niskiej jako\u015bci paliwa <strong>od 1 czerwca 2018 r.<\/strong>:<ul><li>w\u0119gla brunatnego,<\/li><li>mu\u0142\u00f3w i flotokoncentrat\u00f3w w\u0119glowych oraz mieszanek produkowanych z ich wykorzystaniem,<\/li><li>paliw o uziarnieniu poni\u017cej 5mm i zawarto\u015bci popio\u0142u powy\u017cej 12%,<\/li><li>biomasy o wilgotno\u015bci powy\u017cej 20%<\/li><\/ul><\/li><li><strong>Od 1 czerwca 2018 r.<\/strong> zakaz instalowania kot\u0142\u00f3w poni\u017cej 5. klasy.<\/li><li>Mo\u017cliwo\u015b\u0107 eksploatacji kot\u0142\u00f3w nieposiadaj\u0105cych \u017cadnych norm emisji (PN-EN 303-5:2012) tylko do <strong>1 stycznia 2022 r.<\/strong><\/li><li>Zakaz eksploatacji kot\u0142\u00f3w klasy 3. i 4. (oraz ni\u017cszych) od <strong>1 stycznia 2028 r.<\/strong><\/li><\/ol>\n\n\n\n<p>Film informacyjny dost\u0119pny <a href=\"https:\/\/rzeszow.tvp.pl\/40443745\/podkarpacie-wolne-od-smogu-podkarpacka-uchwala-antysmogowa\" target=\"_blank\" rel=\"noreferrer noopener\">na stronie rzeszow.tvp.pl<\/a>.<\/p>\n\n\n\n<p>Rodzaje instalacji, dla kt\u00f3rych wprowadza si\u0119 ograniczenia w zakresie ich eksploatacji to instalacje, w kt\u00f3rych nast\u0119puje spalanie paliw sta\u0142ych w rozumieniu ustawy Prawo energetyczne w szczeg\u00f3lno\u015bci kocio\u0142, kominek i piec, je\u017celi:<\/p>\n\n\n\n<ol class=\"wp-block-list\" type=\"1\"><li>dostarczaj\u0105 ciep\u0142o do systemu centralnego ogrzewania lub,<\/li><li>wydzielaj\u0105 ciep\u0142o lub,<\/li><li>wydzielaj\u0105 ciep\u0142o i przenosz\u0105 je do innego no\u015bnika.<\/li><\/ol>\n\n\n\n<p>W przypadku ww. instalacji dopuszcza si\u0119 wy\u0142\u0105cznie eksploatacj\u0119 tych, kt\u00f3re spe\u0142niaj\u0105 minimum standard emisyjny zgodny z 5 klas\u0105 pod wzgl\u0119dem granicznych warto\u015bci emisji zanieczyszcze\u0144 zgodnie z rozporz\u0105dzeniem Ministra Rozwoju i Finans\u00f3w w sprawie wymaga\u0144 dla kot\u0142\u00f3w na paliwo sta\u0142e. <strong>Zatem wolno instalowa\u0107 ju\u017c tylko kot\u0142y spe\u0142niaj\u0105ce norm\u0119 emisyjn\u0105 5 klasy<\/strong>.<\/p>\n\n\n\n<p>Uchwa\u0142a wchodz\u0105c w \u017cycie wskaza\u0142a jednocze\u015bnie terminy wymiany kot\u0142\u00f3w i piec\u00f3w w Wojew\u00f3dztwie Podkarpackim, kt\u00f3re zosta\u0142y <strong>zakupione<\/strong> przed 1 czerwca 2018r., i na dzie\u0144 dzisiejszy nie spe\u0142niaj\u0105 standard\u00f3w &nbsp;zgodnych z 5 klas\u0105&nbsp; pod wzgl\u0119dem granicznych warto\u015bci emisji zanieczyszcze\u0144:<br>Terminy wymiany kot\u0142\u00f3w:<\/p>\n\n\n\n<ul class=\"wp-block-list\"><li>do&nbsp;<strong>31 grudnia 2021 r.<\/strong>&nbsp;dla kot\u0142\u00f3w eksploatowanych ponad 10 lat od daty <strong>produkcji<\/strong> lub nieposiadaj\u0105cych tabliczki znamionowej, &nbsp;<\/li><li>do&nbsp;<strong>31 grudnia 2023 r.<\/strong>&nbsp;dla kot\u0142\u00f3w eksploatowanych od 5 do 10 lat od daty <strong>produkcji<\/strong>,<\/li><li>do&nbsp;<strong>31 grudnia 2025 r.&nbsp;<\/strong>mieszka\u0144cy wojew\u00f3dztwa b\u0119d\u0105 musieli pozby\u0107 si\u0119 kot\u0142\u00f3w eksploatowanych do 5 lat od daty <strong>produkcji<\/strong>,<\/li><li>dopiero od&nbsp;<strong>1 stycznia 2028 r.<\/strong>&nbsp;nie b\u0119dzie mo\u017cna u\u017cytkowa\u0107 kot\u0142\u00f3w spe\u0142niaj\u0105cych wymogi emisyjne klas 3. i 4. normy PN-EN 303-5:2012.<\/li><\/ul>\n\n\n\n<p>Z ca\u0142\u0105 tre\u015bci\u0105 ww. uchwa\u0142y antysmogowej mo\u017cna zapozna\u0107 si\u0119 na <a href=\"http:\/\/www.bip.podkarpackie.pl\/images\/LII\/869.pdf\" target=\"_blank\" rel=\"noreferrer noopener\">stronie internetowej Biuletynu Informacji Publicznej Urz\u0119du Marsza\u0142kowskiego Wojew\u00f3dztwa Podkarpackiego (dokument PDF)<\/a>.<\/p>\n\n\n\n<p>Wszyscy mieszka\u0144cy, kt\u00f3rzy planuj\u0105 wymian\u0119 kot\u0142a oraz inne inwestycje zwi\u0105zane z termomodernizacja budynku mog\u0105 skorzysta\u0107 z refundacji przyznawanych przez Wojew\u00f3dzki Fundusz Ochrony \u015arodowiska i Gospodarki Wodnej w Rzeszowie w ramach programu CZYSTE POWIETRZE. Wi\u0119cej informacji na ten temat mo\u017cna znale\u017a\u0107 na stronie <a href=\"https:\/\/beneficjent.wfosigw.rzeszow.pl\/\" target=\"_blank\" rel=\"noreferrer noopener\">Portal Beneficjenta Wojew\u00f3dzkiego Funduszu Ochrony \u015arodowiska i Gospodarki Wodnej w Rzeszowie<\/a>.<\/p>\n\n\n\n<p><a href=\"http:\/\/radymno.pl\/?pliki=9137\">Ulotka do uchwa\u0142y antysmogowej<\/a> (PDF \u00b7 295,3 KB \u00b7 29)<\/p>\n","protected":false},"excerpt":{"rendered":"<p>Przypominamy \u017ce od 23 kwietnia 2018 roku na terenie Wojew\u00f3dztwa Podkarpackiego obowi\u0105zuje tzw. uchwa\u0142a antysmogowa czyli Uchwa\u0142a Nr LII\/869\/18 Sejmiku Wojew\u00f3dztwa Podkarpackiego z dnia 23 kwietnia 2018 r. w sprawie wprowadzenia na obszarze wojew\u00f3dztwa podkarpackiego ogranicze\u0144 w zakresie instalacji, w kt\u00f3rych nast\u0119puje spalanie paliw. Na mocy tej uchwa\u0142y wprowadzone zosta\u0142y nast\u0119puj\u0105ce regulacje: Zakaz spalania niskiej [&hellip;]<\/p>\n","protected":false},"author":2,"featured_media":2402,"comment_status":"open","ping_status":"open","sticky":false,"template":"","format":"standard","meta":{"footnotes":""},"categories":[4],"tags":[],"class_list":["post-2405","post","type-post","status-publish","format-standard","has-post-thumbnail","hentry","category-aktualnosci"],"featured_image_urls_v2":{"full":["https:\/\/gminadynow.pl\/wp-content\/uploads\/2021\/08\/Uchwala-antysmogowa.jpg",700,466,false],"thumbnail":["https:\/\/gminadynow.pl\/wp-content\/uploads\/2021\/08\/Uchwala-antysmogowa-150x150.jpg",150,150,true],"medium":["https:\/\/gminadynow.pl\/wp-content\/uploads\/2021\/08\/Uchwala-antysmogowa-300x200.jpg",300,200,true],"medium_large":["https:\/\/gminadynow.pl\/wp-content\/uploads\/2021\/08\/Uchwala-antysmogowa.jpg",700,466,false],"large":["https:\/\/gminadynow.pl\/wp-content\/uploads\/2021\/08\/Uchwala-antysmogowa.jpg",700,466,false],"1536x1536":["https:\/\/gminadynow.pl\/wp-content\/uploads\/2021\/08\/Uchwala-antysmogowa.jpg",700,466,false],"2048x2048":["https:\/\/gminadynow.pl\/wp-content\/uploads\/2021\/08\/Uchwala-antysmogowa.jpg",700,466,false]},"post_excerpt_stackable_v2":"<p>Przypominamy \u017ce od 23 kwietnia 2018 roku na terenie Wojew\u00f3dztwa Podkarpackiego obowi\u0105zuje tzw. uchwa\u0142a antysmogowa czyli Uchwa\u0142a Nr LII\/869\/18 Sejmiku Wojew\u00f3dztwa Podkarpackiego z dnia 23 kwietnia 2018 r. w sprawie wprowadzenia na obszarze wojew\u00f3dztwa podkarpackiego ogranicze\u0144 w zakresie instalacji, w kt\u00f3rych nast\u0119puje spalanie paliw. Na mocy tej uchwa\u0142y wprowadzone zosta\u0142y nast\u0119puj\u0105ce regulacje: Zakaz spalania niskiej jako\u015bci paliwa od 1 czerwca 2018 r.:w\u0119gla brunatnego,mu\u0142\u00f3w i flotokoncentrat\u00f3w w\u0119glowych oraz mieszanek produkowanych z ich wykorzystaniem,paliw o uziarnieniu poni\u017cej 5mm i zawarto\u015bci popio\u0142u powy\u017cej 12%,biomasy o wilgotno\u015bci powy\u017cej 20%Od 1 czerwca 2018 r. zakaz instalowania kot\u0142\u00f3w poni\u017cej 5. klasy.Mo\u017cliwo\u015b\u0107 eksploatacji kot\u0142\u00f3w nieposiadaj\u0105cych \u017cadnych norm&hellip;<\/p>\n","category_list_v2":"<a href=\"https:\/\/gminadynow.pl\/index.php\/category\/aktualnosci\/\" rel=\"category tag\">Aktualno\u015bci<\/a>","author_info_v2":{"name":"Zofia Kalawska","url":"https:\/\/gminadynow.pl\/index.php\/author\/zofiakalawska\/"},"comments_num_v2":"0 comments","views":128,"rttpg_featured_image_url":{"full":["https:\/\/gminadynow.pl\/wp-content\/uploads\/2021\/08\/Uchwala-antysmogowa.jpg",700,466,false],"landscape":["https:\/\/gminadynow.pl\/wp-content\/uploads\/2021\/08\/Uchwala-antysmogowa.jpg",700,466,false],"portraits":["https:\/\/gminadynow.pl\/wp-content\/uploads\/2021\/08\/Uchwala-antysmogowa.jpg",700,466,false],"thumbnail":["https:\/\/gminadynow.pl\/wp-content\/uploads\/2021\/08\/Uchwala-antysmogowa-150x150.jpg",150,150,true],"medium":["https:\/\/gminadynow.pl\/wp-content\/uploads\/2021\/08\/Uchwala-antysmogowa-300x200.jpg",300,200,true],"large":["https:\/\/gminadynow.pl\/wp-content\/uploads\/2021\/08\/Uchwala-antysmogowa.jpg",700,466,false],"1536x1536":["https:\/\/gminadynow.pl\/wp-content\/uploads\/2021\/08\/Uchwala-antysmogowa.jpg",700,466,false],"2048x2048":["https:\/\/gminadynow.pl\/wp-content\/uploads\/2021\/08\/Uchwala-antysmogowa.jpg",700,466,false]},"rttpg_author":{"display_name":"Zofia Kalawska","author_link":"https:\/\/gminadynow.pl\/index.php\/author\/zofiakalawska\/"},"rttpg_comment":0,"rttpg_category":"<a href=\"https:\/\/gminadynow.pl\/index.php\/category\/aktualnosci\/\" rel=\"category tag\">Aktualno\u015bci<\/a>","rttpg_excerpt":"Przypominamy \u017ce od 23 kwietnia 2018 roku na terenie Wojew\u00f3dztwa Podkarpackiego obowi\u0105zuje tzw. uchwa\u0142a antysmogowa czyli Uchwa\u0142a Nr LII\/869\/18 Sejmiku Wojew\u00f3dztwa Podkarpackiego z dnia 23 kwietnia 2018 r. w sprawie wprowadzenia na obszarze wojew\u00f3dztwa podkarpackiego ogranicze\u0144 w zakresie instalacji, w kt\u00f3rych nast\u0119puje spalanie paliw. Na mocy tej uchwa\u0142y wprowadzone zosta\u0142y nast\u0119puj\u0105ce regulacje: Zakaz spalania niskiej&hellip;","_links":{"self":[{"href":"https:\/\/gminadynow.pl\/index.php\/wp-json\/wp\/v2\/posts\/2405","targetHints":{"allow":["GET"]}}],"collection":[{"href":"https:\/\/gminadynow.pl\/index.php\/wp-json\/wp\/v2\/posts"}],"about":[{"href":"https:\/\/gminadynow.pl\/index.php\/wp-json\/wp\/v2\/types\/post"}],"author":[{"embeddable":true,"href":"https:\/\/gminadynow.pl\/index.php\/wp-json\/wp\/v2\/users\/2"}],"replies":[{"embeddable":true,"href":"https:\/\/gminadynow.pl\/index.php\/wp-json\/wp\/v2\/comments?post=2405"}],"version-history":[{"count":3,"href":"https:\/\/gminadynow.pl\/index.php\/wp-json\/wp\/v2\/posts\/2405\/revisions"}],"predecessor-version":[{"id":2408,"href":"https:\/\/gminadynow.pl\/index.php\/wp-json\/wp\/v2\/posts\/2405\/revisions\/2408"}],"wp:featuredmedia":[{"embeddable":true,"href":"https:\/\/gminadynow.pl\/index.php\/wp-json\/wp\/v2\/media\/2402"}],"wp:attachment":[{"href":"https:\/\/gminadynow.pl\/index.php\/wp-json\/wp\/v2\/media?parent=2405"}],"wp:term":[{"taxonomy":"category","embeddable":true,"href":"https:\/\/gminadynow.pl\/index.php\/wp-json\/wp\/v2\/categories?post=2405"},{"taxonomy":"post_tag","embeddable":true,"href":"https:\/\/gminadynow.pl\/index.php\/wp-json\/wp\/v2\/tags?post=2405"}],"curies":[{"name":"wp","href":"https:\/\/api.w.org\/{rel}","templated":true}]}}