
{"id":2391,"date":"2021-08-05T12:04:18","date_gmt":"2021-08-05T10:04:18","guid":{"rendered":"http:\/\/gminadynow.pl\/?p=2391"},"modified":"2021-08-05T12:06:34","modified_gmt":"2021-08-05T10:06:34","slug":"ogloszenie-2","status":"publish","type":"post","link":"https:\/\/gminadynow.pl\/index.php\/2021\/08\/05\/ogloszenie-2\/","title":{"rendered":"OG\u0141OSZENIE"},"content":{"rendered":"\n<figure class=\"wp-block-image size-large\"><img fetchpriority=\"high\" decoding=\"async\" width=\"864\" height=\"572\" src=\"http:\/\/gminadynow.pl\/wp-content\/uploads\/2021\/08\/Zrzut-ekranu-2020-04-10-o-22.02.34.png\" alt=\"\" class=\"wp-image-2389\" srcset=\"https:\/\/gminadynow.pl\/wp-content\/uploads\/2021\/08\/Zrzut-ekranu-2020-04-10-o-22.02.34.png 864w, https:\/\/gminadynow.pl\/wp-content\/uploads\/2021\/08\/Zrzut-ekranu-2020-04-10-o-22.02.34-300x199.png 300w, https:\/\/gminadynow.pl\/wp-content\/uploads\/2021\/08\/Zrzut-ekranu-2020-04-10-o-22.02.34-768x508.png 768w\" sizes=\"(max-width: 864px) 100vw, 864px\" \/><\/figure>\n\n\n\n<p><\/p>\n\n\n\n<p>Przypominamy, \u017ce zbi\u00f3rka zu\u017cytego sprz\u0119tu elektronicznego<br>i elektrycznego, opon i chemikali\u00f3w na terenie Gminy Dyn\u00f3w odb\u0119dzie si\u0119 w dniach:<\/p>\n\n\n\n<ul class=\"wp-block-list\"><li>9 sierpnia 2021 r. w miejscowo\u015bciach: Harta, Lask\u00f3wka, Bach\u00f3rz,<\/li><li>16 sierpnia 2021 r. w miejscowo\u015bciach: Paw\u0142okoma, Dyl\u0105gowa, D\u0105br\u00f3wka Starze\u0144ska,<\/li><li>23 sierpnia 2021 r. w miejscowo\u015bciach: \u0141ubno, Ulanica, Wyr\u0119by.<\/li><\/ul>\n\n\n\n<p><strong>WYKAZ ZBIERANEGO SPRZETU ELEKTRONICZNEGO<br>&nbsp;I ELEKTRYCZNEGO:<\/strong><\/p>\n\n\n\n<p>&#8211; ch\u0142odziarki, zamra\u017carki, pralki, suszarki, zmywarki, mikrofal\u00f3wki, grzejniki elektryczne, wentylatory elektryczne, urz\u0105dzenia klimatyzacyjne,<\/p>\n\n\n\n<p>&#8211; odkurzacze, \u017celazka, tostery, frytkownice, wagi elektryczne,<\/p>\n\n\n\n<p>&#8211; komputery, laptopy, kalkulatory, elektroniczne maszyny do pisania, faksy, tel. kom\u00f3rkowe, tel. bezprzewodowe,<\/p>\n\n\n\n<p>&#8211; radia, telewizory, kamery, sprz\u0119t hi-fi, wzmacniacze d\u017awi\u0119ku,<\/p>\n\n\n\n<p>&#8211; kolejki elektryczne, gry video,&nbsp;<\/p>\n\n\n\n<p>&#8211; opony ( tylko z samochod\u00f3w osobowych),<\/p>\n\n\n\n<p>&#8211; chemikalia.<\/p>\n","protected":false},"excerpt":{"rendered":"<p>Przypominamy, \u017ce zbi\u00f3rka zu\u017cytego sprz\u0119tu elektronicznegoi elektrycznego, opon i chemikali\u00f3w na terenie Gminy Dyn\u00f3w odb\u0119dzie si\u0119 w dniach: 9 sierpnia 2021 r. w miejscowo\u015bciach: Harta, Lask\u00f3wka, Bach\u00f3rz, 16 sierpnia 2021 r. w miejscowo\u015bciach: Paw\u0142okoma, Dyl\u0105gowa, D\u0105br\u00f3wka Starze\u0144ska, 23 sierpnia 2021 r. w miejscowo\u015bciach: \u0141ubno, Ulanica, Wyr\u0119by. WYKAZ ZBIERANEGO SPRZETU ELEKTRONICZNEGO&nbsp;I ELEKTRYCZNEGO: &#8211; ch\u0142odziarki, zamra\u017carki, pralki, [&hellip;]<\/p>\n","protected":false},"author":2,"featured_media":2389,"comment_status":"open","ping_status":"open","sticky":false,"template":"","format":"standard","meta":{"footnotes":""},"categories":[4],"tags":[],"class_list":["post-2391","post","type-post","status-publish","format-standard","has-post-thumbnail","hentry","category-aktualnosci"],"featured_image_urls_v2":{"full":["https:\/\/gminadynow.pl\/wp-content\/uploads\/2021\/08\/Zrzut-ekranu-2020-04-10-o-22.02.34.png",864,572,false],"thumbnail":["https:\/\/gminadynow.pl\/wp-content\/uploads\/2021\/08\/Zrzut-ekranu-2020-04-10-o-22.02.34-150x150.png",150,150,true],"medium":["https:\/\/gminadynow.pl\/wp-content\/uploads\/2021\/08\/Zrzut-ekranu-2020-04-10-o-22.02.34-300x199.png",300,199,true],"medium_large":["https:\/\/gminadynow.pl\/wp-content\/uploads\/2021\/08\/Zrzut-ekranu-2020-04-10-o-22.02.34-768x508.png",768,508,true],"large":["https:\/\/gminadynow.pl\/wp-content\/uploads\/2021\/08\/Zrzut-ekranu-2020-04-10-o-22.02.34.png",864,572,false],"1536x1536":["https:\/\/gminadynow.pl\/wp-content\/uploads\/2021\/08\/Zrzut-ekranu-2020-04-10-o-22.02.34.png",864,572,false],"2048x2048":["https:\/\/gminadynow.pl\/wp-content\/uploads\/2021\/08\/Zrzut-ekranu-2020-04-10-o-22.02.34.png",864,572,false]},"post_excerpt_stackable_v2":"<p>Przypominamy, \u017ce zbi\u00f3rka zu\u017cytego sprz\u0119tu elektronicznegoi elektrycznego, opon i chemikali\u00f3w na terenie Gminy Dyn\u00f3w odb\u0119dzie si\u0119 w dniach: 9 sierpnia 2021 r. w miejscowo\u015bciach: Harta, Lask\u00f3wka, Bach\u00f3rz,16 sierpnia 2021 r. w miejscowo\u015bciach: Paw\u0142okoma, Dyl\u0105gowa, D\u0105br\u00f3wka Starze\u0144ska,23 sierpnia 2021 r. w miejscowo\u015bciach: \u0141ubno, Ulanica, Wyr\u0119by. WYKAZ ZBIERANEGO SPRZETU ELEKTRONICZNEGO&nbsp;I ELEKTRYCZNEGO: &#8211; ch\u0142odziarki, zamra\u017carki, pralki, suszarki, zmywarki, mikrofal\u00f3wki, grzejniki elektryczne, wentylatory elektryczne, urz\u0105dzenia klimatyzacyjne, &#8211; odkurzacze, \u017celazka, tostery, frytkownice, wagi elektryczne, &#8211; komputery, laptopy, kalkulatory, elektroniczne maszyny do pisania, faksy, tel. kom\u00f3rkowe, tel. bezprzewodowe, &#8211; radia, telewizory, kamery, sprz\u0119t hi-fi, wzmacniacze d\u017awi\u0119ku, &#8211; kolejki elektryczne, gry video,&nbsp; &#8211; opony ( tylko z&hellip;<\/p>\n","category_list_v2":"<a href=\"https:\/\/gminadynow.pl\/index.php\/category\/aktualnosci\/\" rel=\"category tag\">Aktualno\u015bci<\/a>","author_info_v2":{"name":"Zofia Kalawska","url":"https:\/\/gminadynow.pl\/index.php\/author\/zofiakalawska\/"},"comments_num_v2":"0 comments","views":133,"rttpg_featured_image_url":{"full":["https:\/\/gminadynow.pl\/wp-content\/uploads\/2021\/08\/Zrzut-ekranu-2020-04-10-o-22.02.34.png",864,572,false],"landscape":["https:\/\/gminadynow.pl\/wp-content\/uploads\/2021\/08\/Zrzut-ekranu-2020-04-10-o-22.02.34.png",864,572,false],"portraits":["https:\/\/gminadynow.pl\/wp-content\/uploads\/2021\/08\/Zrzut-ekranu-2020-04-10-o-22.02.34.png",864,572,false],"thumbnail":["https:\/\/gminadynow.pl\/wp-content\/uploads\/2021\/08\/Zrzut-ekranu-2020-04-10-o-22.02.34-150x150.png",150,150,true],"medium":["https:\/\/gminadynow.pl\/wp-content\/uploads\/2021\/08\/Zrzut-ekranu-2020-04-10-o-22.02.34-300x199.png",300,199,true],"large":["https:\/\/gminadynow.pl\/wp-content\/uploads\/2021\/08\/Zrzut-ekranu-2020-04-10-o-22.02.34.png",864,572,false],"1536x1536":["https:\/\/gminadynow.pl\/wp-content\/uploads\/2021\/08\/Zrzut-ekranu-2020-04-10-o-22.02.34.png",864,572,false],"2048x2048":["https:\/\/gminadynow.pl\/wp-content\/uploads\/2021\/08\/Zrzut-ekranu-2020-04-10-o-22.02.34.png",864,572,false]},"rttpg_author":{"display_name":"Zofia Kalawska","author_link":"https:\/\/gminadynow.pl\/index.php\/author\/zofiakalawska\/"},"rttpg_comment":0,"rttpg_category":"<a href=\"https:\/\/gminadynow.pl\/index.php\/category\/aktualnosci\/\" rel=\"category tag\">Aktualno\u015bci<\/a>","rttpg_excerpt":"Przypominamy, \u017ce zbi\u00f3rka zu\u017cytego sprz\u0119tu elektronicznegoi elektrycznego, opon i chemikali\u00f3w na terenie Gminy Dyn\u00f3w odb\u0119dzie si\u0119 w dniach: 9 sierpnia 2021 r. w miejscowo\u015bciach: Harta, Lask\u00f3wka, Bach\u00f3rz, 16 sierpnia 2021 r. w miejscowo\u015bciach: Paw\u0142okoma, Dyl\u0105gowa, D\u0105br\u00f3wka Starze\u0144ska, 23 sierpnia 2021 r. w miejscowo\u015bciach: \u0141ubno, Ulanica, Wyr\u0119by. WYKAZ ZBIERANEGO SPRZETU ELEKTRONICZNEGO&nbsp;I ELEKTRYCZNEGO: &#8211; ch\u0142odziarki, zamra\u017carki, pralki,&hellip;","_links":{"self":[{"href":"https:\/\/gminadynow.pl\/index.php\/wp-json\/wp\/v2\/posts\/2391","targetHints":{"allow":["GET"]}}],"collection":[{"href":"https:\/\/gminadynow.pl\/index.php\/wp-json\/wp\/v2\/posts"}],"about":[{"href":"https:\/\/gminadynow.pl\/index.php\/wp-json\/wp\/v2\/types\/post"}],"author":[{"embeddable":true,"href":"https:\/\/gminadynow.pl\/index.php\/wp-json\/wp\/v2\/users\/2"}],"replies":[{"embeddable":true,"href":"https:\/\/gminadynow.pl\/index.php\/wp-json\/wp\/v2\/comments?post=2391"}],"version-history":[{"count":1,"href":"https:\/\/gminadynow.pl\/index.php\/wp-json\/wp\/v2\/posts\/2391\/revisions"}],"predecessor-version":[{"id":2392,"href":"https:\/\/gminadynow.pl\/index.php\/wp-json\/wp\/v2\/posts\/2391\/revisions\/2392"}],"wp:featuredmedia":[{"embeddable":true,"href":"https:\/\/gminadynow.pl\/index.php\/wp-json\/wp\/v2\/media\/2389"}],"wp:attachment":[{"href":"https:\/\/gminadynow.pl\/index.php\/wp-json\/wp\/v2\/media?parent=2391"}],"wp:term":[{"taxonomy":"category","embeddable":true,"href":"https:\/\/gminadynow.pl\/index.php\/wp-json\/wp\/v2\/categories?post=2391"},{"taxonomy":"post_tag","embeddable":true,"href":"https:\/\/gminadynow.pl\/index.php\/wp-json\/wp\/v2\/tags?post=2391"}],"curies":[{"name":"wp","href":"https:\/\/api.w.org\/{rel}","templated":true}]}}