
{"id":2213,"date":"2021-07-01T14:02:00","date_gmt":"2021-07-01T12:02:00","guid":{"rendered":"http:\/\/gminadynow.pl\/?p=2213"},"modified":"2021-07-05T22:34:56","modified_gmt":"2021-07-05T20:34:56","slug":"centralna-ewidencja-emisyjnosci-budynkow-obowiazek-skladania-deklaracji-od-1-lipca-2021-r","status":"publish","type":"post","link":"https:\/\/gminadynow.pl\/index.php\/2021\/07\/01\/centralna-ewidencja-emisyjnosci-budynkow-obowiazek-skladania-deklaracji-od-1-lipca-2021-r\/","title":{"rendered":"CENTRALNA EWIDENCJA EMISYJNO\u015aCI BUDYNK\u00d3W \u2013 OBOWI\u0104ZEK SK\u0141ADANIA DEKLARACJI OD 1 LIPCA 2021 R."},"content":{"rendered":"\n<figure class=\"wp-block-image size-large\"><img fetchpriority=\"high\" decoding=\"async\" width=\"604\" height=\"419\" src=\"http:\/\/gminadynow.pl\/wp-content\/uploads\/2021\/06\/Bez-tytulu.png\" alt=\"\" class=\"wp-image-2058\" srcset=\"https:\/\/gminadynow.pl\/wp-content\/uploads\/2021\/06\/Bez-tytulu.png 604w, https:\/\/gminadynow.pl\/wp-content\/uploads\/2021\/06\/Bez-tytulu-300x208.png 300w\" sizes=\"(max-width: 604px) 100vw, 604px\" \/><\/figure>\n\n\n\n<p><strong>Zgodnie z&nbsp;informacj\u0105 G\u0142\u00f3wnego Urz\u0119du Nadzoru Budowlanego od 1 lipca w&nbsp;\u017cycie wchodzi obowi\u0105zek sk\u0142adania deklaracji w&nbsp;systemie Centralnej Ewidencji Emisyjno\u015bci Budynk\u00f3w (CEEB). W\u0142a\u015bciciele nieruchomo\u015bci b\u0119d\u0105 musieli wskaza\u0107, z&nbsp;jakich \u017ar\u00f3de\u0142 ciep\u0142a korzystaj\u0105. Je\u015bli nie dope\u0142ni\u0105 tego obowi\u0105zku, mo\u017ce zosta\u0107 na nich na\u0142o\u017cony mandat w&nbsp;wysoko\u015bci 500 z\u0142 lub nawet grzywna 5000 z\u0142.&nbsp;<\/strong><\/p>\n\n\n\n<p>Na podstawie ustawy z&nbsp;dnia 28 pa\u017adziernika 2020 r. o&nbsp;zmianie ustawy o&nbsp;wspieraniu termomodernizacji i&nbsp;remont\u00f3w oraz niekt\u00f3rych innych ustaw (tj. Dz.U. z&nbsp;2021 r. poz. 554) utworzono CEEB b\u0119d\u0105c\u0105 mechanizmem informatycznym, kt\u00f3ry pos\u0142u\u017cy do zidentyfikowania \u017ar\u00f3de\u0142 niskiej emisji z&nbsp;budynk\u00f3w. Za jego powstanie odpowiada G\u0142\u00f3wny Urz\u0105d Nadzoru Budowlanego.<\/p>\n\n\n\n<p>Deklaracje b\u0119dzie mo\u017cna sk\u0142ada\u0107 przez Internet, za po\u015brednictwem systemu teleinformatycznego CEEB. Osoby, kt\u00f3re nie b\u0119d\u0105 mog\u0142y skorzysta\u0107 z&nbsp;tej formy sk\u0142adania deklaracji, b\u0119d\u0105 mog\u0142y z\u0142o\u017cy\u0107 j\u0105 w&nbsp;formie papierowej w&nbsp;siedzibie Urz\u0119du Gminy Dyn\u00f3w. Czas jaki zosta\u0142 przewidziany na zg\u0142oszenie to:<\/p>\n\n\n\n<ul class=\"wp-block-list\"><li>14 dni od dnia pierwszego uruchomienia \u017ar\u00f3d\u0142a ciep\u0142a lub \u017ar\u00f3d\u0142a spalania paliw w&nbsp;przypadku nowych \u017ar\u00f3de\u0142,<\/li><li>12 miesi\u0119cy licz\u0105c od dnia 1 lipca br. w&nbsp;odniesieniu do \u017ar\u00f3d\u0142a ciep\u0142a lub \u017ar\u00f3d\u0142a spalania paliw ju\u017c istniej\u0105cego.<\/li><\/ul>\n\n\n\n<p>Z\u0142o\u017cenie deklaracji jest obowi\u0105zkowe. Niez\u0142o\u017cenie deklaracji zgodnie z&nbsp;art. 27h ust. 1&nbsp;ustawy z&nbsp;28 pa\u017adziernika 2020 roku o&nbsp;zmianie ustawy o&nbsp;wspieraniu termomodernizacji i&nbsp;remont\u00f3w oraz niekt\u00f3rych innych ustaw jest zagro\u017cone kar\u0105 grzywny.<\/p>\n\n\n\n<p>Wi\u0119cej informacji, dotycz\u0105cych utworzenia i&nbsp;funkcjonowania CEEB znajduje si\u0119 na stronie internetowej G\u0142\u00f3wnego Inspektora Nadzoru Budowlanego: &nbsp;<a href=\"https:\/\/www.gunb.gov.pl\/strona\/centralna-ewidencja-emisyjnosci-budynkow-faq\">https:\/\/www.gunb.gov.pl\/strona\/centralna-ewidencja-emisyjnosci-budynkow-faq<\/a><\/p>\n\n\n\n<div class=\"wp-block-group do-pobrania\"><div class=\"wp-block-group__inner-container is-layout-flow wp-block-group-is-layout-flow\">\n<div class=\"wp-block-file\"><a href=\"https:\/\/gminadynow.pl\/wp-content\/uploads\/2021\/07\/deklaracja-a-30.06.2021.pdf\">deklaracja A &#8211; Budynki mieszkalne<\/a><a href=\"https:\/\/gminadynow.pl\/wp-content\/uploads\/2021\/07\/deklaracja-a-30.06.2021.pdf\" class=\"wp-block-file__button\" download>Pobierz<\/a><\/div>\n\n\n\n<div class=\"wp-block-file\"><a href=\"https:\/\/gminadynow.pl\/wp-content\/uploads\/2021\/07\/deklaracja-b-30.06.2021.pdf\">deklaracja B &#8211; Budynki niemieszkalne<\/a><a href=\"https:\/\/gminadynow.pl\/wp-content\/uploads\/2021\/07\/deklaracja-b-30.06.2021.pdf\" class=\"wp-block-file__button\" download>Pobierz<\/a><\/div>\n<\/div><\/div>\n","protected":false},"excerpt":{"rendered":"<p>Zgodnie z&nbsp;informacj\u0105 G\u0142\u00f3wnego Urz\u0119du Nadzoru Budowlanego od 1 lipca w&nbsp;\u017cycie wchodzi obowi\u0105zek sk\u0142adania deklaracji w&nbsp;systemie Centralnej Ewidencji Emisyjno\u015bci Budynk\u00f3w (CEEB). W\u0142a\u015bciciele nieruchomo\u015bci b\u0119d\u0105 musieli wskaza\u0107, z&nbsp;jakich \u017ar\u00f3de\u0142 ciep\u0142a korzystaj\u0105. Je\u015bli nie dope\u0142ni\u0105 tego obowi\u0105zku, mo\u017ce zosta\u0107 na nich na\u0142o\u017cony mandat w&nbsp;wysoko\u015bci 500 z\u0142 lub nawet grzywna 5000 z\u0142.&nbsp; Na podstawie ustawy z&nbsp;dnia 28 pa\u017adziernika 2020 [&hellip;]<\/p>\n","protected":false},"author":2,"featured_media":2058,"comment_status":"open","ping_status":"open","sticky":false,"template":"","format":"standard","meta":{"footnotes":""},"categories":[4],"tags":[],"class_list":["post-2213","post","type-post","status-publish","format-standard","has-post-thumbnail","hentry","category-aktualnosci"],"featured_image_urls_v2":{"full":["https:\/\/gminadynow.pl\/wp-content\/uploads\/2021\/06\/Bez-tytulu.png",604,419,false],"thumbnail":["https:\/\/gminadynow.pl\/wp-content\/uploads\/2021\/06\/Bez-tytulu-150x150.png",150,150,true],"medium":["https:\/\/gminadynow.pl\/wp-content\/uploads\/2021\/06\/Bez-tytulu-300x208.png",300,208,true],"medium_large":["https:\/\/gminadynow.pl\/wp-content\/uploads\/2021\/06\/Bez-tytulu.png",604,419,false],"large":["https:\/\/gminadynow.pl\/wp-content\/uploads\/2021\/06\/Bez-tytulu.png",604,419,false],"1536x1536":["https:\/\/gminadynow.pl\/wp-content\/uploads\/2021\/06\/Bez-tytulu.png",604,419,false],"2048x2048":["https:\/\/gminadynow.pl\/wp-content\/uploads\/2021\/06\/Bez-tytulu.png",604,419,false]},"post_excerpt_stackable_v2":"<p>Zgodnie z&nbsp;informacj\u0105 G\u0142\u00f3wnego Urz\u0119du Nadzoru Budowlanego od 1 lipca w&nbsp;\u017cycie wchodzi obowi\u0105zek sk\u0142adania deklaracji w&nbsp;systemie Centralnej Ewidencji Emisyjno\u015bci Budynk\u00f3w (CEEB). W\u0142a\u015bciciele nieruchomo\u015bci b\u0119d\u0105 musieli wskaza\u0107, z&nbsp;jakich \u017ar\u00f3de\u0142 ciep\u0142a korzystaj\u0105. Je\u015bli nie dope\u0142ni\u0105 tego obowi\u0105zku, mo\u017ce zosta\u0107 na nich na\u0142o\u017cony mandat w&nbsp;wysoko\u015bci 500 z\u0142 lub nawet grzywna 5000 z\u0142.&nbsp; Na podstawie ustawy z&nbsp;dnia 28 pa\u017adziernika 2020 r. o&nbsp;zmianie ustawy o&nbsp;wspieraniu termomodernizacji i&nbsp;remont\u00f3w oraz niekt\u00f3rych innych ustaw (tj. Dz.U. z&nbsp;2021 r. poz. 554) utworzono CEEB b\u0119d\u0105c\u0105 mechanizmem informatycznym, kt\u00f3ry pos\u0142u\u017cy do zidentyfikowania \u017ar\u00f3de\u0142 niskiej emisji z&nbsp;budynk\u00f3w. Za jego powstanie odpowiada G\u0142\u00f3wny Urz\u0105d Nadzoru Budowlanego. Deklaracje b\u0119dzie mo\u017cna sk\u0142ada\u0107 przez Internet, za po\u015brednictwem&hellip;<\/p>\n","category_list_v2":"<a href=\"https:\/\/gminadynow.pl\/index.php\/category\/aktualnosci\/\" rel=\"category tag\">Aktualno\u015bci<\/a>","author_info_v2":{"name":"Zofia Kalawska","url":"https:\/\/gminadynow.pl\/index.php\/author\/zofiakalawska\/"},"comments_num_v2":"0 comments","views":519,"rttpg_featured_image_url":{"full":["https:\/\/gminadynow.pl\/wp-content\/uploads\/2021\/06\/Bez-tytulu.png",604,419,false],"landscape":["https:\/\/gminadynow.pl\/wp-content\/uploads\/2021\/06\/Bez-tytulu.png",604,419,false],"portraits":["https:\/\/gminadynow.pl\/wp-content\/uploads\/2021\/06\/Bez-tytulu.png",604,419,false],"thumbnail":["https:\/\/gminadynow.pl\/wp-content\/uploads\/2021\/06\/Bez-tytulu-150x150.png",150,150,true],"medium":["https:\/\/gminadynow.pl\/wp-content\/uploads\/2021\/06\/Bez-tytulu-300x208.png",300,208,true],"large":["https:\/\/gminadynow.pl\/wp-content\/uploads\/2021\/06\/Bez-tytulu.png",604,419,false],"1536x1536":["https:\/\/gminadynow.pl\/wp-content\/uploads\/2021\/06\/Bez-tytulu.png",604,419,false],"2048x2048":["https:\/\/gminadynow.pl\/wp-content\/uploads\/2021\/06\/Bez-tytulu.png",604,419,false]},"rttpg_author":{"display_name":"Zofia Kalawska","author_link":"https:\/\/gminadynow.pl\/index.php\/author\/zofiakalawska\/"},"rttpg_comment":0,"rttpg_category":"<a href=\"https:\/\/gminadynow.pl\/index.php\/category\/aktualnosci\/\" rel=\"category tag\">Aktualno\u015bci<\/a>","rttpg_excerpt":"Zgodnie z&nbsp;informacj\u0105 G\u0142\u00f3wnego Urz\u0119du Nadzoru Budowlanego od 1 lipca w&nbsp;\u017cycie wchodzi obowi\u0105zek sk\u0142adania deklaracji w&nbsp;systemie Centralnej Ewidencji Emisyjno\u015bci Budynk\u00f3w (CEEB). W\u0142a\u015bciciele nieruchomo\u015bci b\u0119d\u0105 musieli wskaza\u0107, z&nbsp;jakich \u017ar\u00f3de\u0142 ciep\u0142a korzystaj\u0105. Je\u015bli nie dope\u0142ni\u0105 tego obowi\u0105zku, mo\u017ce zosta\u0107 na nich na\u0142o\u017cony mandat w&nbsp;wysoko\u015bci 500 z\u0142 lub nawet grzywna 5000 z\u0142.&nbsp; Na podstawie ustawy z&nbsp;dnia 28 pa\u017adziernika 2020&hellip;","_links":{"self":[{"href":"https:\/\/gminadynow.pl\/index.php\/wp-json\/wp\/v2\/posts\/2213","targetHints":{"allow":["GET"]}}],"collection":[{"href":"https:\/\/gminadynow.pl\/index.php\/wp-json\/wp\/v2\/posts"}],"about":[{"href":"https:\/\/gminadynow.pl\/index.php\/wp-json\/wp\/v2\/types\/post"}],"author":[{"embeddable":true,"href":"https:\/\/gminadynow.pl\/index.php\/wp-json\/wp\/v2\/users\/2"}],"replies":[{"embeddable":true,"href":"https:\/\/gminadynow.pl\/index.php\/wp-json\/wp\/v2\/comments?post=2213"}],"version-history":[{"count":2,"href":"https:\/\/gminadynow.pl\/index.php\/wp-json\/wp\/v2\/posts\/2213\/revisions"}],"predecessor-version":[{"id":2237,"href":"https:\/\/gminadynow.pl\/index.php\/wp-json\/wp\/v2\/posts\/2213\/revisions\/2237"}],"wp:featuredmedia":[{"embeddable":true,"href":"https:\/\/gminadynow.pl\/index.php\/wp-json\/wp\/v2\/media\/2058"}],"wp:attachment":[{"href":"https:\/\/gminadynow.pl\/index.php\/wp-json\/wp\/v2\/media?parent=2213"}],"wp:term":[{"taxonomy":"category","embeddable":true,"href":"https:\/\/gminadynow.pl\/index.php\/wp-json\/wp\/v2\/categories?post=2213"},{"taxonomy":"post_tag","embeddable":true,"href":"https:\/\/gminadynow.pl\/index.php\/wp-json\/wp\/v2\/tags?post=2213"}],"curies":[{"name":"wp","href":"https:\/\/api.w.org\/{rel}","templated":true}]}}