
{"id":1965,"date":"2021-06-01T12:13:00","date_gmt":"2021-06-01T10:13:00","guid":{"rendered":"http:\/\/gminadynow.pl\/?p=1965"},"modified":"2021-06-01T13:06:56","modified_gmt":"2021-06-01T11:06:56","slug":"informacja-3","status":"publish","type":"post","link":"https:\/\/gminadynow.pl\/index.php\/2021\/06\/01\/informacja-3\/","title":{"rendered":"INFORMACJA"},"content":{"rendered":"\n<figure class=\"wp-block-image size-large\"><img fetchpriority=\"high\" decoding=\"async\" width=\"900\" height=\"500\" src=\"http:\/\/gminadynow.pl\/wp-content\/uploads\/2021\/06\/2021-06-04_gops_nieczynny_2.jpg\" alt=\"\" class=\"wp-image-1991\" srcset=\"https:\/\/gminadynow.pl\/wp-content\/uploads\/2021\/06\/2021-06-04_gops_nieczynny_2.jpg 900w, https:\/\/gminadynow.pl\/wp-content\/uploads\/2021\/06\/2021-06-04_gops_nieczynny_2-300x167.jpg 300w, https:\/\/gminadynow.pl\/wp-content\/uploads\/2021\/06\/2021-06-04_gops_nieczynny_2-768x427.jpg 768w\" sizes=\"(max-width: 900px) 100vw, 900px\" \/><\/figure>\n\n\n\n<p>Uprzejmie informujemy, \u017ce w dniu  <strong>04 czerwca 2021 r.&nbsp;<\/strong>(pi\u0105tek )<br>Urz\u0105d Gminy Dyn\u00f3w &nbsp;b\u0119dzie nieczynny.<\/p>\n\n\n\n<p>Przepraszamy za niedogodno\u015bci.<\/p>\n\n\n\n<p>                                                                                        W\u00f3jt Gminy Dyn\u00f3w<\/p>\n\n\n\n<p>                                                                                            Wojciech Piech<\/p>\n","protected":false},"excerpt":{"rendered":"<p>Uprzejmie informujemy, \u017ce w dniu 04 czerwca 2021 r.&nbsp;(pi\u0105tek )Urz\u0105d Gminy Dyn\u00f3w &nbsp;b\u0119dzie nieczynny. Przepraszamy za niedogodno\u015bci. W\u00f3jt Gminy Dyn\u00f3w Wojciech Piech<\/p>\n","protected":false},"author":2,"featured_media":1991,"comment_status":"open","ping_status":"open","sticky":false,"template":"","format":"standard","meta":{"footnotes":""},"categories":[4],"tags":[],"class_list":["post-1965","post","type-post","status-publish","format-standard","has-post-thumbnail","hentry","category-aktualnosci"],"featured_image_urls_v2":{"full":["https:\/\/gminadynow.pl\/wp-content\/uploads\/2021\/06\/2021-06-04_gops_nieczynny_2.jpg",900,500,false],"thumbnail":["https:\/\/gminadynow.pl\/wp-content\/uploads\/2021\/06\/2021-06-04_gops_nieczynny_2-150x150.jpg",150,150,true],"medium":["https:\/\/gminadynow.pl\/wp-content\/uploads\/2021\/06\/2021-06-04_gops_nieczynny_2-300x167.jpg",300,167,true],"medium_large":["https:\/\/gminadynow.pl\/wp-content\/uploads\/2021\/06\/2021-06-04_gops_nieczynny_2-768x427.jpg",768,427,true],"large":["https:\/\/gminadynow.pl\/wp-content\/uploads\/2021\/06\/2021-06-04_gops_nieczynny_2.jpg",900,500,false],"1536x1536":["https:\/\/gminadynow.pl\/wp-content\/uploads\/2021\/06\/2021-06-04_gops_nieczynny_2.jpg",900,500,false],"2048x2048":["https:\/\/gminadynow.pl\/wp-content\/uploads\/2021\/06\/2021-06-04_gops_nieczynny_2.jpg",900,500,false]},"post_excerpt_stackable_v2":"<p>Uprzejmie informujemy, \u017ce w dniu 04 czerwca 2021 r.&nbsp;(pi\u0105tek )Urz\u0105d Gminy Dyn\u00f3w &nbsp;b\u0119dzie nieczynny. Przepraszamy za niedogodno\u015bci. W\u00f3jt Gminy Dyn\u00f3w Wojciech Piech<\/p>\n","category_list_v2":"<a href=\"https:\/\/gminadynow.pl\/index.php\/category\/aktualnosci\/\" rel=\"category tag\">Aktualno\u015bci<\/a>","author_info_v2":{"name":"Zofia Kalawska","url":"https:\/\/gminadynow.pl\/index.php\/author\/zofiakalawska\/"},"comments_num_v2":"0 comments","views":44,"rttpg_featured_image_url":{"full":["https:\/\/gminadynow.pl\/wp-content\/uploads\/2021\/06\/2021-06-04_gops_nieczynny_2.jpg",900,500,false],"landscape":["https:\/\/gminadynow.pl\/wp-content\/uploads\/2021\/06\/2021-06-04_gops_nieczynny_2.jpg",900,500,false],"portraits":["https:\/\/gminadynow.pl\/wp-content\/uploads\/2021\/06\/2021-06-04_gops_nieczynny_2.jpg",900,500,false],"thumbnail":["https:\/\/gminadynow.pl\/wp-content\/uploads\/2021\/06\/2021-06-04_gops_nieczynny_2-150x150.jpg",150,150,true],"medium":["https:\/\/gminadynow.pl\/wp-content\/uploads\/2021\/06\/2021-06-04_gops_nieczynny_2-300x167.jpg",300,167,true],"large":["https:\/\/gminadynow.pl\/wp-content\/uploads\/2021\/06\/2021-06-04_gops_nieczynny_2.jpg",900,500,false],"1536x1536":["https:\/\/gminadynow.pl\/wp-content\/uploads\/2021\/06\/2021-06-04_gops_nieczynny_2.jpg",900,500,false],"2048x2048":["https:\/\/gminadynow.pl\/wp-content\/uploads\/2021\/06\/2021-06-04_gops_nieczynny_2.jpg",900,500,false]},"rttpg_author":{"display_name":"Zofia Kalawska","author_link":"https:\/\/gminadynow.pl\/index.php\/author\/zofiakalawska\/"},"rttpg_comment":0,"rttpg_category":"<a href=\"https:\/\/gminadynow.pl\/index.php\/category\/aktualnosci\/\" rel=\"category tag\">Aktualno\u015bci<\/a>","rttpg_excerpt":"Uprzejmie informujemy, \u017ce w dniu 04 czerwca 2021 r.&nbsp;(pi\u0105tek )Urz\u0105d Gminy Dyn\u00f3w &nbsp;b\u0119dzie nieczynny. Przepraszamy za niedogodno\u015bci. W\u00f3jt Gminy Dyn\u00f3w Wojciech Piech","_links":{"self":[{"href":"https:\/\/gminadynow.pl\/index.php\/wp-json\/wp\/v2\/posts\/1965","targetHints":{"allow":["GET"]}}],"collection":[{"href":"https:\/\/gminadynow.pl\/index.php\/wp-json\/wp\/v2\/posts"}],"about":[{"href":"https:\/\/gminadynow.pl\/index.php\/wp-json\/wp\/v2\/types\/post"}],"author":[{"embeddable":true,"href":"https:\/\/gminadynow.pl\/index.php\/wp-json\/wp\/v2\/users\/2"}],"replies":[{"embeddable":true,"href":"https:\/\/gminadynow.pl\/index.php\/wp-json\/wp\/v2\/comments?post=1965"}],"version-history":[{"count":3,"href":"https:\/\/gminadynow.pl\/index.php\/wp-json\/wp\/v2\/posts\/1965\/revisions"}],"predecessor-version":[{"id":1993,"href":"https:\/\/gminadynow.pl\/index.php\/wp-json\/wp\/v2\/posts\/1965\/revisions\/1993"}],"wp:featuredmedia":[{"embeddable":true,"href":"https:\/\/gminadynow.pl\/index.php\/wp-json\/wp\/v2\/media\/1991"}],"wp:attachment":[{"href":"https:\/\/gminadynow.pl\/index.php\/wp-json\/wp\/v2\/media?parent=1965"}],"wp:term":[{"taxonomy":"category","embeddable":true,"href":"https:\/\/gminadynow.pl\/index.php\/wp-json\/wp\/v2\/categories?post=1965"},{"taxonomy":"post_tag","embeddable":true,"href":"https:\/\/gminadynow.pl\/index.php\/wp-json\/wp\/v2\/tags?post=1965"}],"curies":[{"name":"wp","href":"https:\/\/api.w.org\/{rel}","templated":true}]}}