
{"id":1710,"date":"2021-03-22T10:38:14","date_gmt":"2021-03-22T09:38:14","guid":{"rendered":"http:\/\/gminadynow.pl\/?p=1710"},"modified":"2021-03-22T10:43:12","modified_gmt":"2021-03-22T09:43:12","slug":"informacja","status":"publish","type":"post","link":"https:\/\/gminadynow.pl\/index.php\/2021\/03\/22\/informacja\/","title":{"rendered":"<strong>Informacja<\/strong>"},"content":{"rendered":"\n<p><strong>&nbsp; Informacja o kontroli w zakresie przestrzegania przez mieszka\u0144c\u00f3w zasad segregacji odpad\u00f3w komunalnych<\/strong><\/p>\n\n\n\n<figure class=\"wp-block-image size-large\"><img fetchpriority=\"high\" decoding=\"async\" width=\"512\" height=\"256\" src=\"http:\/\/gminadynow.pl\/wp-content\/uploads\/2021\/03\/wgs0wrwZ3TB94_n2PR4j0yX67vQQg07bTgY3acmlfQ-C7i1vxygBycPlcKV0Tr5b0_Lr4-7fV92wnkIrcmikNthcwaLcsV6HQNxqth-JshhZ5kJi8QLqRVegjy_QssxP2cFjlkkjbOoT.jpg\" alt=\"\" class=\"wp-image-1716\" srcset=\"https:\/\/gminadynow.pl\/wp-content\/uploads\/2021\/03\/wgs0wrwZ3TB94_n2PR4j0yX67vQQg07bTgY3acmlfQ-C7i1vxygBycPlcKV0Tr5b0_Lr4-7fV92wnkIrcmikNthcwaLcsV6HQNxqth-JshhZ5kJi8QLqRVegjy_QssxP2cFjlkkjbOoT.jpg 512w, https:\/\/gminadynow.pl\/wp-content\/uploads\/2021\/03\/wgs0wrwZ3TB94_n2PR4j0yX67vQQg07bTgY3acmlfQ-C7i1vxygBycPlcKV0Tr5b0_Lr4-7fV92wnkIrcmikNthcwaLcsV6HQNxqth-JshhZ5kJi8QLqRVegjy_QssxP2cFjlkkjbOoT-300x150.jpg 300w\" sizes=\"(max-width: 512px) 100vw, 512px\" \/><\/figure>\n\n\n\n<p><strong>Mieszka\u0144cy Gminy Dyn\u00f3w<\/strong><\/p>\n\n\n\n<p>Urz\u0105d Gminy w Dynowie informuje, \u017ce rozpocz\u0119\u0142y si\u0119 kontrole w zakresie przestrzegania przez mieszka\u0144c\u00f3w naszej Gminy zasad segregacji odpad\u00f3w komunalnych.&nbsp; Sprawdzane s\u0105 worki na odpady zmieszane,&nbsp; czy nie&nbsp; znajduj\u0105 si\u0119 w nich odpady, kt\u00f3re podlegaj\u0105 selektywnej zbi\u00f3rce&nbsp;<strong>tj. papier, plastik, szk\u0142o, metal, przeterminowane leki, chemikalia, zu\u017cyte baterie, zu\u017cyty sprz\u0119t RTV i AGD, odpady budowlane, odpady ulegaj\u0105ce biodegradacji<\/strong>.<\/p>\n\n\n\n<p>W przypadku stwierdzenia, \u017ce odpady zbierane s\u0105 niezgodnie ze z\u0142o\u017con\u0105 deklaracj\u0105,&nbsp;w\u0142a\u015bciciel&nbsp;nieruchomo\u015bci&nbsp;otrzymuje&nbsp;stosowne&nbsp;upomnienie<\/p>\n\n\n\n<p><strong>W przypadku ponownego stwierdzenia nieprawid\u0142owego segregowania odpad\u00f3w naliczona zostanie w drodze decyzji administracyjnej, op\u0142ata podwy\u017cszona w&nbsp;wysoko\u015bci 42,20 z\u0142 za osob\u0119.<\/strong><\/p>\n\n\n\n<p>Podkre\u015bli\u0107 nale\u017cy, \u017ce prawid\u0142owa&nbsp; segregacja wp\u0142ywa na zmniejszenie ilo\u015bci odpad\u00f3w zmieszanych (niesegregowanych), co przek\u0142ada si\u0119 na zmniejszenie ponoszonych koszt\u00f3w przez gmin\u0119 a przez to wp\u0142ywa bezpo\u015brednio na koszty jakie Pa\u0144stwo ponosz\u0105 za gospodarowanie odpadami komunalnymi. Wi\u0119ksza ilo\u015b\u0107 odpad\u00f3w zmieszanych&nbsp; ma bezpo\u015bredni wp\u0142yw na koszty funkcjonowania systemu gospodarowania odpadami komunalnymi. Nieprzestrzeganie przez mieszka\u0144c\u00f3w Gminy zasad segregacji, czyli wrzucanie do pojemnik\u00f3w na odpady zmieszane np. papieru, plastiku, szk\u0142a, metalu&nbsp; zwi\u0119ksza koszty funkcjonowania systemu&nbsp;gospodarowania&nbsp;odpadami&nbsp;komunalnymi oraz zmniejszaj\u0105 szans\u0119 osi\u0105gni\u0119cia przez gmin\u0119 odpowiednich poziom\u00f3w recyklingu.<\/p>\n\n\n\n<p><strong>W&nbsp;zwi\u0105zku z powy\u017cszym prosz\u0119 o rzetelne segregowanie odpad\u00f3w w celu unikni\u0119cia dodatkowej op\u0142aty.<\/strong><\/p>\n","protected":false},"excerpt":{"rendered":"<p>&nbsp; Informacja o kontroli w zakresie przestrzegania przez mieszka\u0144c\u00f3w zasad segregacji odpad\u00f3w komunalnych Mieszka\u0144cy Gminy Dyn\u00f3w Urz\u0105d Gminy w Dynowie informuje, \u017ce rozpocz\u0119\u0142y si\u0119 kontrole w zakresie przestrzegania przez mieszka\u0144c\u00f3w naszej Gminy zasad segregacji odpad\u00f3w komunalnych.&nbsp; Sprawdzane s\u0105 worki na odpady zmieszane,&nbsp; czy nie&nbsp; znajduj\u0105 si\u0119 w nich odpady, kt\u00f3re podlegaj\u0105 selektywnej zbi\u00f3rce&nbsp;tj. papier, plastik, [&hellip;]<\/p>\n","protected":false},"author":2,"featured_media":1716,"comment_status":"open","ping_status":"open","sticky":false,"template":"","format":"standard","meta":{"footnotes":""},"categories":[4],"tags":[],"class_list":["post-1710","post","type-post","status-publish","format-standard","has-post-thumbnail","hentry","category-aktualnosci"],"featured_image_urls_v2":{"full":["https:\/\/gminadynow.pl\/wp-content\/uploads\/2021\/03\/wgs0wrwZ3TB94_n2PR4j0yX67vQQg07bTgY3acmlfQ-C7i1vxygBycPlcKV0Tr5b0_Lr4-7fV92wnkIrcmikNthcwaLcsV6HQNxqth-JshhZ5kJi8QLqRVegjy_QssxP2cFjlkkjbOoT.jpg",512,256,false],"thumbnail":["https:\/\/gminadynow.pl\/wp-content\/uploads\/2021\/03\/wgs0wrwZ3TB94_n2PR4j0yX67vQQg07bTgY3acmlfQ-C7i1vxygBycPlcKV0Tr5b0_Lr4-7fV92wnkIrcmikNthcwaLcsV6HQNxqth-JshhZ5kJi8QLqRVegjy_QssxP2cFjlkkjbOoT-150x150.jpg",150,150,true],"medium":["https:\/\/gminadynow.pl\/wp-content\/uploads\/2021\/03\/wgs0wrwZ3TB94_n2PR4j0yX67vQQg07bTgY3acmlfQ-C7i1vxygBycPlcKV0Tr5b0_Lr4-7fV92wnkIrcmikNthcwaLcsV6HQNxqth-JshhZ5kJi8QLqRVegjy_QssxP2cFjlkkjbOoT-300x150.jpg",300,150,true],"medium_large":["https:\/\/gminadynow.pl\/wp-content\/uploads\/2021\/03\/wgs0wrwZ3TB94_n2PR4j0yX67vQQg07bTgY3acmlfQ-C7i1vxygBycPlcKV0Tr5b0_Lr4-7fV92wnkIrcmikNthcwaLcsV6HQNxqth-JshhZ5kJi8QLqRVegjy_QssxP2cFjlkkjbOoT.jpg",512,256,false],"large":["https:\/\/gminadynow.pl\/wp-content\/uploads\/2021\/03\/wgs0wrwZ3TB94_n2PR4j0yX67vQQg07bTgY3acmlfQ-C7i1vxygBycPlcKV0Tr5b0_Lr4-7fV92wnkIrcmikNthcwaLcsV6HQNxqth-JshhZ5kJi8QLqRVegjy_QssxP2cFjlkkjbOoT.jpg",512,256,false],"1536x1536":["https:\/\/gminadynow.pl\/wp-content\/uploads\/2021\/03\/wgs0wrwZ3TB94_n2PR4j0yX67vQQg07bTgY3acmlfQ-C7i1vxygBycPlcKV0Tr5b0_Lr4-7fV92wnkIrcmikNthcwaLcsV6HQNxqth-JshhZ5kJi8QLqRVegjy_QssxP2cFjlkkjbOoT.jpg",512,256,false],"2048x2048":["https:\/\/gminadynow.pl\/wp-content\/uploads\/2021\/03\/wgs0wrwZ3TB94_n2PR4j0yX67vQQg07bTgY3acmlfQ-C7i1vxygBycPlcKV0Tr5b0_Lr4-7fV92wnkIrcmikNthcwaLcsV6HQNxqth-JshhZ5kJi8QLqRVegjy_QssxP2cFjlkkjbOoT.jpg",512,256,false]},"post_excerpt_stackable_v2":"<p>&nbsp; Informacja o kontroli w zakresie przestrzegania przez mieszka\u0144c\u00f3w zasad segregacji odpad\u00f3w komunalnych Mieszka\u0144cy Gminy Dyn\u00f3w Urz\u0105d Gminy w Dynowie informuje, \u017ce rozpocz\u0119\u0142y si\u0119 kontrole w zakresie przestrzegania przez mieszka\u0144c\u00f3w naszej Gminy zasad segregacji odpad\u00f3w komunalnych.&nbsp; Sprawdzane s\u0105 worki na odpady zmieszane,&nbsp; czy nie&nbsp; znajduj\u0105 si\u0119 w nich odpady, kt\u00f3re podlegaj\u0105 selektywnej zbi\u00f3rce&nbsp;tj. papier, plastik, szk\u0142o, metal, przeterminowane leki, chemikalia, zu\u017cyte baterie, zu\u017cyty sprz\u0119t RTV i AGD, odpady budowlane, odpady ulegaj\u0105ce biodegradacji. W przypadku stwierdzenia, \u017ce odpady zbierane s\u0105 niezgodnie ze z\u0142o\u017con\u0105 deklaracj\u0105,&nbsp;w\u0142a\u015bciciel&nbsp;nieruchomo\u015bci&nbsp;otrzymuje&nbsp;stosowne&nbsp;upomnienie W przypadku ponownego stwierdzenia nieprawid\u0142owego segregowania odpad\u00f3w naliczona zostanie w drodze decyzji administracyjnej, op\u0142ata podwy\u017cszona w&nbsp;wysoko\u015bci 42,20&hellip;<\/p>\n","category_list_v2":"<a href=\"https:\/\/gminadynow.pl\/index.php\/category\/aktualnosci\/\" rel=\"category tag\">Aktualno\u015bci<\/a>","author_info_v2":{"name":"Zofia Kalawska","url":"https:\/\/gminadynow.pl\/index.php\/author\/zofiakalawska\/"},"comments_num_v2":"0 comments","views":369,"rttpg_featured_image_url":{"full":["https:\/\/gminadynow.pl\/wp-content\/uploads\/2021\/03\/wgs0wrwZ3TB94_n2PR4j0yX67vQQg07bTgY3acmlfQ-C7i1vxygBycPlcKV0Tr5b0_Lr4-7fV92wnkIrcmikNthcwaLcsV6HQNxqth-JshhZ5kJi8QLqRVegjy_QssxP2cFjlkkjbOoT.jpg",512,256,false],"landscape":["https:\/\/gminadynow.pl\/wp-content\/uploads\/2021\/03\/wgs0wrwZ3TB94_n2PR4j0yX67vQQg07bTgY3acmlfQ-C7i1vxygBycPlcKV0Tr5b0_Lr4-7fV92wnkIrcmikNthcwaLcsV6HQNxqth-JshhZ5kJi8QLqRVegjy_QssxP2cFjlkkjbOoT.jpg",512,256,false],"portraits":["https:\/\/gminadynow.pl\/wp-content\/uploads\/2021\/03\/wgs0wrwZ3TB94_n2PR4j0yX67vQQg07bTgY3acmlfQ-C7i1vxygBycPlcKV0Tr5b0_Lr4-7fV92wnkIrcmikNthcwaLcsV6HQNxqth-JshhZ5kJi8QLqRVegjy_QssxP2cFjlkkjbOoT.jpg",512,256,false],"thumbnail":["https:\/\/gminadynow.pl\/wp-content\/uploads\/2021\/03\/wgs0wrwZ3TB94_n2PR4j0yX67vQQg07bTgY3acmlfQ-C7i1vxygBycPlcKV0Tr5b0_Lr4-7fV92wnkIrcmikNthcwaLcsV6HQNxqth-JshhZ5kJi8QLqRVegjy_QssxP2cFjlkkjbOoT-150x150.jpg",150,150,true],"medium":["https:\/\/gminadynow.pl\/wp-content\/uploads\/2021\/03\/wgs0wrwZ3TB94_n2PR4j0yX67vQQg07bTgY3acmlfQ-C7i1vxygBycPlcKV0Tr5b0_Lr4-7fV92wnkIrcmikNthcwaLcsV6HQNxqth-JshhZ5kJi8QLqRVegjy_QssxP2cFjlkkjbOoT-300x150.jpg",300,150,true],"large":["https:\/\/gminadynow.pl\/wp-content\/uploads\/2021\/03\/wgs0wrwZ3TB94_n2PR4j0yX67vQQg07bTgY3acmlfQ-C7i1vxygBycPlcKV0Tr5b0_Lr4-7fV92wnkIrcmikNthcwaLcsV6HQNxqth-JshhZ5kJi8QLqRVegjy_QssxP2cFjlkkjbOoT.jpg",512,256,false],"1536x1536":["https:\/\/gminadynow.pl\/wp-content\/uploads\/2021\/03\/wgs0wrwZ3TB94_n2PR4j0yX67vQQg07bTgY3acmlfQ-C7i1vxygBycPlcKV0Tr5b0_Lr4-7fV92wnkIrcmikNthcwaLcsV6HQNxqth-JshhZ5kJi8QLqRVegjy_QssxP2cFjlkkjbOoT.jpg",512,256,false],"2048x2048":["https:\/\/gminadynow.pl\/wp-content\/uploads\/2021\/03\/wgs0wrwZ3TB94_n2PR4j0yX67vQQg07bTgY3acmlfQ-C7i1vxygBycPlcKV0Tr5b0_Lr4-7fV92wnkIrcmikNthcwaLcsV6HQNxqth-JshhZ5kJi8QLqRVegjy_QssxP2cFjlkkjbOoT.jpg",512,256,false]},"rttpg_author":{"display_name":"Zofia Kalawska","author_link":"https:\/\/gminadynow.pl\/index.php\/author\/zofiakalawska\/"},"rttpg_comment":0,"rttpg_category":"<a href=\"https:\/\/gminadynow.pl\/index.php\/category\/aktualnosci\/\" rel=\"category tag\">Aktualno\u015bci<\/a>","rttpg_excerpt":"&nbsp; Informacja o kontroli w zakresie przestrzegania przez mieszka\u0144c\u00f3w zasad segregacji odpad\u00f3w komunalnych Mieszka\u0144cy Gminy Dyn\u00f3w Urz\u0105d Gminy w Dynowie informuje, \u017ce rozpocz\u0119\u0142y si\u0119 kontrole w zakresie przestrzegania przez mieszka\u0144c\u00f3w naszej Gminy zasad segregacji odpad\u00f3w komunalnych.&nbsp; Sprawdzane s\u0105 worki na odpady zmieszane,&nbsp; czy nie&nbsp; znajduj\u0105 si\u0119 w nich odpady, kt\u00f3re podlegaj\u0105 selektywnej zbi\u00f3rce&nbsp;tj. papier, plastik,&hellip;","_links":{"self":[{"href":"https:\/\/gminadynow.pl\/index.php\/wp-json\/wp\/v2\/posts\/1710","targetHints":{"allow":["GET"]}}],"collection":[{"href":"https:\/\/gminadynow.pl\/index.php\/wp-json\/wp\/v2\/posts"}],"about":[{"href":"https:\/\/gminadynow.pl\/index.php\/wp-json\/wp\/v2\/types\/post"}],"author":[{"embeddable":true,"href":"https:\/\/gminadynow.pl\/index.php\/wp-json\/wp\/v2\/users\/2"}],"replies":[{"embeddable":true,"href":"https:\/\/gminadynow.pl\/index.php\/wp-json\/wp\/v2\/comments?post=1710"}],"version-history":[{"count":3,"href":"https:\/\/gminadynow.pl\/index.php\/wp-json\/wp\/v2\/posts\/1710\/revisions"}],"predecessor-version":[{"id":1717,"href":"https:\/\/gminadynow.pl\/index.php\/wp-json\/wp\/v2\/posts\/1710\/revisions\/1717"}],"wp:featuredmedia":[{"embeddable":true,"href":"https:\/\/gminadynow.pl\/index.php\/wp-json\/wp\/v2\/media\/1716"}],"wp:attachment":[{"href":"https:\/\/gminadynow.pl\/index.php\/wp-json\/wp\/v2\/media?parent=1710"}],"wp:term":[{"taxonomy":"category","embeddable":true,"href":"https:\/\/gminadynow.pl\/index.php\/wp-json\/wp\/v2\/categories?post=1710"},{"taxonomy":"post_tag","embeddable":true,"href":"https:\/\/gminadynow.pl\/index.php\/wp-json\/wp\/v2\/tags?post=1710"}],"curies":[{"name":"wp","href":"https:\/\/api.w.org\/{rel}","templated":true}]}}