
{"id":1247,"date":"2021-02-08T23:00:26","date_gmt":"2021-02-08T22:00:26","guid":{"rendered":"http:\/\/gminadynow.pl\/?p=1247"},"modified":"2021-02-08T23:28:03","modified_gmt":"2021-02-08T22:28:03","slug":"obowiazek-odsniezania-dachow-i-usuwania-sopli-apel-rzadowego-centrum-bezpieczenstwa-2","status":"publish","type":"post","link":"https:\/\/gminadynow.pl\/index.php\/2021\/02\/08\/obowiazek-odsniezania-dachow-i-usuwania-sopli-apel-rzadowego-centrum-bezpieczenstwa-2\/","title":{"rendered":"Obowi\u0105zek od\u015bnie\u017cania dach\u00f3w i usuwania sopli \u2013 apel Rz\u0105dowego Centrum Bezpiecze\u0144stwa"},"content":{"rendered":"\n<div class=\"wp-block-image\"><figure class=\"aligncenter size-large is-resized\"><img fetchpriority=\"high\" decoding=\"async\" src=\"https:\/\/gminadynow.pl\/wp-content\/uploads\/2021\/02\/obraz.png\" alt=\"\" class=\"wp-image-1258\" width=\"401\" height=\"265\"\/><\/figure><\/div>\n\n\n\n<p>W zwi\u0105zku z opadami \u015bniegu Rz\u0105dowe Centrum Bezpiecze\u0144stwa przypomina o obowi\u0105zku od\u015bnie\u017cania dach\u00f3w. Do wykonywania tych czynno\u015bci zobowi\u0105zani s\u0105 nie tylko w\u0142a\u015bciciele, ale tak\u017ce zarz\u0105dcy nieruchomo\u015bci.<\/p>\n\n\n\n<p>Zalegaj\u0105cy na dachach \u015bnieg to powa\u017cne zagro\u017cenie, kt\u00f3re mo\u017ce by\u0107 przyczyn\u0105 tragedii, zw\u0142aszcza gdy nie usuwa si\u0119 go z dach\u00f3w p\u0142askich i du\u017cych. \u015anieg zalegaj\u0105cy na powierzchni dachu mo\u017ce negatywnie wp\u0142yn\u0105\u0107 na konstrukcj\u0119 dachu, stanowi\u0107 zagro\u017cenie dla przechodni\u00f3w oraz samochod\u00f3w poruszaj\u0105cych si\u0119 po drogach i chodnikach. Podobnie spadaj\u0105ce sople czy nawisy \u015bnie\u017cne zagra\u017caj\u0105 bezpiecze\u0144stwu ludzi i mienia.<br>Szczeg\u00f3ln\u0105 uwag\u0119 nale\u017cy zwr\u00f3ci\u0107 na obiekty tymczasowe, wykorzystywane przy szpitalach i przychodniach dla chorych na COVID-19 oraz budynki wielkopowierzchniowe, m.in.: hipermarkety, hale &nbsp;i magazyny.<\/p>\n\n\n\n<p>Apelujemy o ostro\u017cno\u015b\u0107 i zachowanie bezpiecze\u0144stwa podczas od\u015bnie\u017cania.<\/p>\n","protected":false},"excerpt":{"rendered":"<p>W zwi\u0105zku z opadami \u015bniegu Rz\u0105dowe Centrum Bezpiecze\u0144stwa przypomina o obowi\u0105zku od\u015bnie\u017cania dach\u00f3w. Do wykonywania tych czynno\u015bci zobowi\u0105zani s\u0105 nie tylko w\u0142a\u015bciciele, ale tak\u017ce zarz\u0105dcy nieruchomo\u015bci. Zalegaj\u0105cy na dachach \u015bnieg to powa\u017cne zagro\u017cenie, kt\u00f3re mo\u017ce by\u0107 przyczyn\u0105 tragedii, zw\u0142aszcza gdy nie usuwa si\u0119 go z dach\u00f3w p\u0142askich i du\u017cych. \u015anieg zalegaj\u0105cy na powierzchni dachu mo\u017ce [&hellip;]<\/p>\n","protected":false},"author":2,"featured_media":1258,"comment_status":"open","ping_status":"open","sticky":false,"template":"","format":"standard","meta":{"footnotes":""},"categories":[4],"tags":[],"class_list":["post-1247","post","type-post","status-publish","format-standard","has-post-thumbnail","hentry","category-aktualnosci"],"featured_image_urls_v2":{"full":["https:\/\/gminadynow.pl\/wp-content\/uploads\/2021\/02\/obraz.png",281,186,false],"thumbnail":["https:\/\/gminadynow.pl\/wp-content\/uploads\/2021\/02\/obraz-150x150.png",150,150,true],"medium":["https:\/\/gminadynow.pl\/wp-content\/uploads\/2021\/02\/obraz.png",281,186,false],"medium_large":["https:\/\/gminadynow.pl\/wp-content\/uploads\/2021\/02\/obraz.png",281,186,false],"large":["https:\/\/gminadynow.pl\/wp-content\/uploads\/2021\/02\/obraz.png",281,186,false],"1536x1536":["https:\/\/gminadynow.pl\/wp-content\/uploads\/2021\/02\/obraz.png",281,186,false],"2048x2048":["https:\/\/gminadynow.pl\/wp-content\/uploads\/2021\/02\/obraz.png",281,186,false]},"post_excerpt_stackable_v2":"<p>W zwi\u0105zku z opadami \u015bniegu Rz\u0105dowe Centrum Bezpiecze\u0144stwa przypomina o obowi\u0105zku od\u015bnie\u017cania dach\u00f3w. Do wykonywania tych czynno\u015bci zobowi\u0105zani s\u0105 nie tylko w\u0142a\u015bciciele, ale tak\u017ce zarz\u0105dcy nieruchomo\u015bci. Zalegaj\u0105cy na dachach \u015bnieg to powa\u017cne zagro\u017cenie, kt\u00f3re mo\u017ce by\u0107 przyczyn\u0105 tragedii, zw\u0142aszcza gdy nie usuwa si\u0119 go z dach\u00f3w p\u0142askich i du\u017cych. \u015anieg zalegaj\u0105cy na powierzchni dachu mo\u017ce negatywnie wp\u0142yn\u0105\u0107 na konstrukcj\u0119 dachu, stanowi\u0107 zagro\u017cenie dla przechodni\u00f3w oraz samochod\u00f3w poruszaj\u0105cych si\u0119 po drogach i chodnikach. Podobnie spadaj\u0105ce sople czy nawisy \u015bnie\u017cne zagra\u017caj\u0105 bezpiecze\u0144stwu ludzi i mienia.Szczeg\u00f3ln\u0105 uwag\u0119 nale\u017cy zwr\u00f3ci\u0107 na obiekty tymczasowe, wykorzystywane przy szpitalach i przychodniach dla chorych na COVID-19 oraz budynki&hellip;<\/p>\n","category_list_v2":"<a href=\"https:\/\/gminadynow.pl\/index.php\/category\/aktualnosci\/\" rel=\"category tag\">Aktualno\u015bci<\/a>","author_info_v2":{"name":"Zofia Kalawska","url":"https:\/\/gminadynow.pl\/index.php\/author\/zofiakalawska\/"},"comments_num_v2":"0 comments","views":68,"rttpg_featured_image_url":{"full":["https:\/\/gminadynow.pl\/wp-content\/uploads\/2021\/02\/obraz.png",281,186,false],"landscape":["https:\/\/gminadynow.pl\/wp-content\/uploads\/2021\/02\/obraz.png",281,186,false],"portraits":["https:\/\/gminadynow.pl\/wp-content\/uploads\/2021\/02\/obraz.png",281,186,false],"thumbnail":["https:\/\/gminadynow.pl\/wp-content\/uploads\/2021\/02\/obraz-150x150.png",150,150,true],"medium":["https:\/\/gminadynow.pl\/wp-content\/uploads\/2021\/02\/obraz.png",281,186,false],"large":["https:\/\/gminadynow.pl\/wp-content\/uploads\/2021\/02\/obraz.png",281,186,false],"1536x1536":["https:\/\/gminadynow.pl\/wp-content\/uploads\/2021\/02\/obraz.png",281,186,false],"2048x2048":["https:\/\/gminadynow.pl\/wp-content\/uploads\/2021\/02\/obraz.png",281,186,false]},"rttpg_author":{"display_name":"Zofia Kalawska","author_link":"https:\/\/gminadynow.pl\/index.php\/author\/zofiakalawska\/"},"rttpg_comment":0,"rttpg_category":"<a href=\"https:\/\/gminadynow.pl\/index.php\/category\/aktualnosci\/\" rel=\"category tag\">Aktualno\u015bci<\/a>","rttpg_excerpt":"W zwi\u0105zku z opadami \u015bniegu Rz\u0105dowe Centrum Bezpiecze\u0144stwa przypomina o obowi\u0105zku od\u015bnie\u017cania dach\u00f3w. Do wykonywania tych czynno\u015bci zobowi\u0105zani s\u0105 nie tylko w\u0142a\u015bciciele, ale tak\u017ce zarz\u0105dcy nieruchomo\u015bci. Zalegaj\u0105cy na dachach \u015bnieg to powa\u017cne zagro\u017cenie, kt\u00f3re mo\u017ce by\u0107 przyczyn\u0105 tragedii, zw\u0142aszcza gdy nie usuwa si\u0119 go z dach\u00f3w p\u0142askich i du\u017cych. \u015anieg zalegaj\u0105cy na powierzchni dachu mo\u017ce&hellip;","_links":{"self":[{"href":"https:\/\/gminadynow.pl\/index.php\/wp-json\/wp\/v2\/posts\/1247","targetHints":{"allow":["GET"]}}],"collection":[{"href":"https:\/\/gminadynow.pl\/index.php\/wp-json\/wp\/v2\/posts"}],"about":[{"href":"https:\/\/gminadynow.pl\/index.php\/wp-json\/wp\/v2\/types\/post"}],"author":[{"embeddable":true,"href":"https:\/\/gminadynow.pl\/index.php\/wp-json\/wp\/v2\/users\/2"}],"replies":[{"embeddable":true,"href":"https:\/\/gminadynow.pl\/index.php\/wp-json\/wp\/v2\/comments?post=1247"}],"version-history":[{"count":2,"href":"https:\/\/gminadynow.pl\/index.php\/wp-json\/wp\/v2\/posts\/1247\/revisions"}],"predecessor-version":[{"id":1259,"href":"https:\/\/gminadynow.pl\/index.php\/wp-json\/wp\/v2\/posts\/1247\/revisions\/1259"}],"wp:featuredmedia":[{"embeddable":true,"href":"https:\/\/gminadynow.pl\/index.php\/wp-json\/wp\/v2\/media\/1258"}],"wp:attachment":[{"href":"https:\/\/gminadynow.pl\/index.php\/wp-json\/wp\/v2\/media?parent=1247"}],"wp:term":[{"taxonomy":"category","embeddable":true,"href":"https:\/\/gminadynow.pl\/index.php\/wp-json\/wp\/v2\/categories?post=1247"},{"taxonomy":"post_tag","embeddable":true,"href":"https:\/\/gminadynow.pl\/index.php\/wp-json\/wp\/v2\/tags?post=1247"}],"curies":[{"name":"wp","href":"https:\/\/api.w.org\/{rel}","templated":true}]}}