
{"id":1135,"date":"2021-01-03T19:41:28","date_gmt":"2021-01-03T18:41:28","guid":{"rendered":"http:\/\/gminadynow.pl\/?p=1135"},"modified":"2021-02-14T15:12:29","modified_gmt":"2021-02-14T14:12:29","slug":"rzeszowska-agencja-rozwoju-regionalnego-s-a-zaprasza-do-udzialu-w-projekcie-pt-dostepna-praca","status":"publish","type":"post","link":"https:\/\/gminadynow.pl\/index.php\/2021\/01\/03\/rzeszowska-agencja-rozwoju-regionalnego-s-a-zaprasza-do-udzialu-w-projekcie-pt-dostepna-praca\/","title":{"rendered":"Rzeszowska Agencja Rozwoju regionalnego S.A. zaprasza do udzia\u0142u w projekcie pt. \u201eDost\u0119pna praca\u201d"},"content":{"rendered":"\n<figure class=\"wp-block-image size-large\"><img fetchpriority=\"high\" decoding=\"async\" width=\"698\" height=\"396\" src=\"http:\/\/gminadynow.pl\/wp-content\/uploads\/2021\/02\/aktualnosci-placeholder.png\" alt=\"\" class=\"wp-image-1309\" srcset=\"https:\/\/gminadynow.pl\/wp-content\/uploads\/2021\/02\/aktualnosci-placeholder.png 698w, https:\/\/gminadynow.pl\/wp-content\/uploads\/2021\/02\/aktualnosci-placeholder-300x170.png 300w\" sizes=\"(max-width: 698px) 100vw, 698px\" \/><\/figure>\n\n\n\n<p>Rzeszowska Agencja Rozwoju regionalnego S.A. zaprasza do udzia\u0142u w projekcie&nbsp; pt<strong>. \u201eDost\u0119pna praca\u201d<\/strong> realizowanego w ramach Regionalnego Programu Operacyjnego Wojew\u00f3dztwa Podkarpackiego na lata 2014\u20112020, Dzia\u0142anie 8.1 \u201eAktywna integracja os\u00f3b zagro\u017conych ub\u00f3stwem lub wykluczeniem spo\u0142ecznym\u201d wsp\u00f3\u0142finansowanego ze \u015brodk\u00f3w Europejskiego Funduszu Spo\u0142ecznego -projekty konkursowe<br>&nbsp;<br><strong><u>Projekt skierowany jest do os\u00f3b:<\/u><\/strong><br>\u2022 &nbsp;z niepe\u0142nosprawno\u015bci\u0105,<br>\u2022 zamieszka\u0142ych na terenie woj. Podkarpackiego,<br>\u2022 os\u00f3b zagro\u017conych ub\u00f3stwem lub wykluczeniem spo\u0142ecznym lub kwalifikuj\u0105cych si\u0119 do obj\u0119cia&nbsp;&nbsp;&nbsp; wsparciem Pomocy Spo\u0142ecznej<br>\u2022 bezrobotnych<br>&nbsp;<br><strong><u>Szczeg\u00f3lnie premiowane podczas rekrutacji b\u0119d\u0105 osoby:<\/u><\/strong><br>Osoby korzystaj\u0105ce z Programu Operacyjnego Pomoc \u017bywno\u015bciowa<br>Kobiety<br>Osoby zamieszka\u0142e&nbsp; na wsi lub ma\u0142ych miasteczkach do 20 ty\u015b os\u00f3b.<br>Osoby do 25 r.\u017c. bez do\u015bwiadczenia zawodowego<br>Osoby nie bior\u0105ce udzia\u0142u w projektach\/szkoleniach\/kursach\/sta\u017cach w ostatnich 12 miesi\u0105cach.<br>Osoby bez wykszta\u0142cenia, z wykszta\u0142ceniem podstaw\/gimnazjalnym\/zawodowym\/\u015brednim<br>&nbsp;<br>W ramach projektu Uczestnicy zostan\u0105 obj\u0119ci kompleksowym wsparciem daj\u0105cym mo\u017cliwo\u015b\u0107 podniesienia kwalifikacji zawodowych i podj\u0119cia zatrudnienia&nbsp; w sk\u0142ad kt\u00f3rego wchodzi:<br>&#8211; opracowanie Indywidualnego Planu Dzia\u0142ania<br>&#8211; poradnictwo indywidualne i grupowe<br>&#8211; stypendia szkoleniowe<br>&#8211; szkolenia zawodowe wg potrzeb<br>&#8211; 6 miesi\u0119czne sta\u017ce zawodowe<br>&#8211; zwrot koszt\u00f3w dojazdu na szkolenia<br>&#8211; zwrot koszt\u00f3w opieki nad osoba zale\u017cn\u0105<br>&nbsp;<br>UDZIA\u0141 W PROJEKCIE JEST CA\u0141KOWICIE BEZP\u0141ATNY!<br>&nbsp;<br>Rekrutacja do I edycji projektu&nbsp; odb\u0119dzie si\u0119 w terminie od 23 grudnia 2020 do 23 stycznia 2021<br>&nbsp;<br>Szczeg\u00f3\u0142owe informacje udzielane s\u0105 w Biurze projektu:<br>Rzeszowska Agencja Rozwoju Regionalnego S.A.<br>Ul. Szopena 51 35-959 Rzesz\u00f3w<br>Kontakt telefoniczny b\u0105d\u017a mailowy:<br>17 8676 291, &nbsp;668&nbsp;517&nbsp;359<br><a href=\"mailto:zplesnarowicz@rarr.rzeszow.pl\">zplesnarowicz@rarr.rzeszow.pl<\/a><br>&nbsp;<a href=\"https:\/\/www.rarr.rzeszow.pl\/projekty\/dostepna-praca\">https:\/\/www.rarr.rzeszow.pl\/projekty\/dostepna-praca<\/a>&nbsp;<\/p>\n","protected":false},"excerpt":{"rendered":"<p>Rzeszowska Agencja Rozwoju regionalnego S.A. zaprasza do udzia\u0142u w projekcie&nbsp; pt. \u201eDost\u0119pna praca\u201d realizowanego w ramach Regionalnego Programu Operacyjnego Wojew\u00f3dztwa Podkarpackiego na lata 2014\u20112020, Dzia\u0142anie 8.1 \u201eAktywna integracja os\u00f3b zagro\u017conych ub\u00f3stwem lub wykluczeniem spo\u0142ecznym\u201d wsp\u00f3\u0142finansowanego ze \u015brodk\u00f3w Europejskiego Funduszu Spo\u0142ecznego -projekty konkursowe&nbsp;Projekt skierowany jest do os\u00f3b:\u2022 &nbsp;z niepe\u0142nosprawno\u015bci\u0105,\u2022 zamieszka\u0142ych na terenie woj. Podkarpackiego,\u2022 os\u00f3b zagro\u017conych [&hellip;]<\/p>\n","protected":false},"author":2,"featured_media":1309,"comment_status":"open","ping_status":"open","sticky":false,"template":"","format":"standard","meta":{"footnotes":""},"categories":[4],"tags":[],"class_list":["post-1135","post","type-post","status-publish","format-standard","has-post-thumbnail","hentry","category-aktualnosci"],"featured_image_urls_v2":{"full":["https:\/\/gminadynow.pl\/wp-content\/uploads\/2021\/02\/aktualnosci-placeholder.png",698,396,false],"thumbnail":["https:\/\/gminadynow.pl\/wp-content\/uploads\/2021\/02\/aktualnosci-placeholder-150x150.png",150,150,true],"medium":["https:\/\/gminadynow.pl\/wp-content\/uploads\/2021\/02\/aktualnosci-placeholder-300x170.png",300,170,true],"medium_large":["https:\/\/gminadynow.pl\/wp-content\/uploads\/2021\/02\/aktualnosci-placeholder.png",698,396,false],"large":["https:\/\/gminadynow.pl\/wp-content\/uploads\/2021\/02\/aktualnosci-placeholder.png",698,396,false],"1536x1536":["https:\/\/gminadynow.pl\/wp-content\/uploads\/2021\/02\/aktualnosci-placeholder.png",698,396,false],"2048x2048":["https:\/\/gminadynow.pl\/wp-content\/uploads\/2021\/02\/aktualnosci-placeholder.png",698,396,false]},"post_excerpt_stackable_v2":"<p>Rzeszowska Agencja Rozwoju regionalnego S.A. zaprasza do udzia\u0142u w projekcie&nbsp; pt. \u201eDost\u0119pna praca\u201d realizowanego w ramach Regionalnego Programu Operacyjnego Wojew\u00f3dztwa Podkarpackiego na lata 2014\u20112020, Dzia\u0142anie 8.1 \u201eAktywna integracja os\u00f3b zagro\u017conych ub\u00f3stwem lub wykluczeniem spo\u0142ecznym\u201d wsp\u00f3\u0142finansowanego ze \u015brodk\u00f3w Europejskiego Funduszu Spo\u0142ecznego -projekty konkursowe&nbsp;Projekt skierowany jest do os\u00f3b:\u2022 &nbsp;z niepe\u0142nosprawno\u015bci\u0105,\u2022 zamieszka\u0142ych na terenie woj. Podkarpackiego,\u2022 os\u00f3b zagro\u017conych ub\u00f3stwem lub wykluczeniem spo\u0142ecznym lub kwalifikuj\u0105cych si\u0119 do obj\u0119cia&nbsp;&nbsp;&nbsp; wsparciem Pomocy Spo\u0142ecznej\u2022 bezrobotnych&nbsp;Szczeg\u00f3lnie premiowane podczas rekrutacji b\u0119d\u0105 osoby:Osoby korzystaj\u0105ce z Programu Operacyjnego Pomoc \u017bywno\u015bciowaKobietyOsoby zamieszka\u0142e&nbsp; na wsi lub ma\u0142ych miasteczkach do 20 ty\u015b os\u00f3b.Osoby do 25 r.\u017c. bez do\u015bwiadczenia zawodowegoOsoby nie bior\u0105ce udzia\u0142u w projektach\/szkoleniach\/kursach\/sta\u017cach&hellip;<\/p>\n","category_list_v2":"<a href=\"https:\/\/gminadynow.pl\/index.php\/category\/aktualnosci\/\" rel=\"category tag\">Aktualno\u015bci<\/a>","author_info_v2":{"name":"Zofia Kalawska","url":"https:\/\/gminadynow.pl\/index.php\/author\/zofiakalawska\/"},"comments_num_v2":"0 comments","views":32,"rttpg_featured_image_url":{"full":["https:\/\/gminadynow.pl\/wp-content\/uploads\/2021\/02\/aktualnosci-placeholder.png",698,396,false],"landscape":["https:\/\/gminadynow.pl\/wp-content\/uploads\/2021\/02\/aktualnosci-placeholder.png",698,396,false],"portraits":["https:\/\/gminadynow.pl\/wp-content\/uploads\/2021\/02\/aktualnosci-placeholder.png",698,396,false],"thumbnail":["https:\/\/gminadynow.pl\/wp-content\/uploads\/2021\/02\/aktualnosci-placeholder-150x150.png",150,150,true],"medium":["https:\/\/gminadynow.pl\/wp-content\/uploads\/2021\/02\/aktualnosci-placeholder-300x170.png",300,170,true],"large":["https:\/\/gminadynow.pl\/wp-content\/uploads\/2021\/02\/aktualnosci-placeholder.png",698,396,false],"1536x1536":["https:\/\/gminadynow.pl\/wp-content\/uploads\/2021\/02\/aktualnosci-placeholder.png",698,396,false],"2048x2048":["https:\/\/gminadynow.pl\/wp-content\/uploads\/2021\/02\/aktualnosci-placeholder.png",698,396,false]},"rttpg_author":{"display_name":"Zofia Kalawska","author_link":"https:\/\/gminadynow.pl\/index.php\/author\/zofiakalawska\/"},"rttpg_comment":0,"rttpg_category":"<a href=\"https:\/\/gminadynow.pl\/index.php\/category\/aktualnosci\/\" rel=\"category tag\">Aktualno\u015bci<\/a>","rttpg_excerpt":"Rzeszowska Agencja Rozwoju regionalnego S.A. zaprasza do udzia\u0142u w projekcie&nbsp; pt. \u201eDost\u0119pna praca\u201d realizowanego w ramach Regionalnego Programu Operacyjnego Wojew\u00f3dztwa Podkarpackiego na lata 2014\u20112020, Dzia\u0142anie 8.1 \u201eAktywna integracja os\u00f3b zagro\u017conych ub\u00f3stwem lub wykluczeniem spo\u0142ecznym\u201d wsp\u00f3\u0142finansowanego ze \u015brodk\u00f3w Europejskiego Funduszu Spo\u0142ecznego -projekty konkursowe&nbsp;Projekt skierowany jest do os\u00f3b:\u2022 &nbsp;z niepe\u0142nosprawno\u015bci\u0105,\u2022 zamieszka\u0142ych na terenie woj. Podkarpackiego,\u2022 os\u00f3b zagro\u017conych&hellip;","_links":{"self":[{"href":"https:\/\/gminadynow.pl\/index.php\/wp-json\/wp\/v2\/posts\/1135","targetHints":{"allow":["GET"]}}],"collection":[{"href":"https:\/\/gminadynow.pl\/index.php\/wp-json\/wp\/v2\/posts"}],"about":[{"href":"https:\/\/gminadynow.pl\/index.php\/wp-json\/wp\/v2\/types\/post"}],"author":[{"embeddable":true,"href":"https:\/\/gminadynow.pl\/index.php\/wp-json\/wp\/v2\/users\/2"}],"replies":[{"embeddable":true,"href":"https:\/\/gminadynow.pl\/index.php\/wp-json\/wp\/v2\/comments?post=1135"}],"version-history":[{"count":2,"href":"https:\/\/gminadynow.pl\/index.php\/wp-json\/wp\/v2\/posts\/1135\/revisions"}],"predecessor-version":[{"id":1312,"href":"https:\/\/gminadynow.pl\/index.php\/wp-json\/wp\/v2\/posts\/1135\/revisions\/1312"}],"wp:featuredmedia":[{"embeddable":true,"href":"https:\/\/gminadynow.pl\/index.php\/wp-json\/wp\/v2\/media\/1309"}],"wp:attachment":[{"href":"https:\/\/gminadynow.pl\/index.php\/wp-json\/wp\/v2\/media?parent=1135"}],"wp:term":[{"taxonomy":"category","embeddable":true,"href":"https:\/\/gminadynow.pl\/index.php\/wp-json\/wp\/v2\/categories?post=1135"},{"taxonomy":"post_tag","embeddable":true,"href":"https:\/\/gminadynow.pl\/index.php\/wp-json\/wp\/v2\/tags?post=1135"}],"curies":[{"name":"wp","href":"https:\/\/api.w.org\/{rel}","templated":true}]}}